{"id":145949,"date":"2019-12-05T15:39:00","date_gmt":"2019-12-05T21:39:00","guid":{"rendered":"http:\/\/vertienteglobal.com\/?p=145949"},"modified":"2019-12-05T21:32:18","modified_gmt":"2019-12-06T03:32:18","slug":"estrategia-en-coatzacoalcos-veracruz-no-ha-fallado-cuitlahuac-garcia","status":"publish","type":"post","link":"http:\/\/vertienteglobal.com\/?p=145949","title":{"rendered":"Estrategia en Coatzacoalcos, Veracruz no ha fallado: Cuitl\u00e1huac Garc\u00eda"},"content":{"rendered":"\n<div class=\"twitterbutton\" style=\"float: right; padding-left: 5px;\"><a href=\"http:\/\/twitter.com\/share\" class=\"twitter-share-button\" data-count=\"horizontal\" data-text=\"Estrategia en Coatzacoalcos, Veracruz no ha fallado: Cuitl\u00e1huac Garc\u00eda\" data-via=\"https:\/\/twitter.com\/VertienteGloba1\" data-url=\"http:\/\/vertienteglobal.com\/?p=145949\" data-lang=\"es\" data-related=\"Informaci\u00f3n general:S\u00edguenos para que est\u00e9ss informado\"><\/a><\/div>\n<figure class=\"wp-block-image size-large\"><img loading=\"lazy\" decoding=\"async\" width=\"600\" height=\"360\" src=\"http:\/\/vertienteglobal.com\/wp-content\/uploads\/2019\/12\/Estrategia-en-Coatzacoalcos-Veracruz-no-ha-fallado-Cuitl\u00e1huac-Garc\u00eda.jpg\" alt=\"\" class=\"wp-image-145950\" srcset=\"http:\/\/vertienteglobal.com\/wp-content\/uploads\/2019\/12\/Estrategia-en-Coatzacoalcos-Veracruz-no-ha-fallado-Cuitl\u00e1huac-Garc\u00eda.jpg 600w, http:\/\/vertienteglobal.com\/wp-content\/uploads\/2019\/12\/Estrategia-en-Coatzacoalcos-Veracruz-no-ha-fallado-Cuitl\u00e1huac-Garc\u00eda-300x180.jpg 300w, http:\/\/vertienteglobal.com\/wp-content\/uploads\/2019\/12\/Estrategia-en-Coatzacoalcos-Veracruz-no-ha-fallado-Cuitl\u00e1huac-Garc\u00eda-150x90.jpg 150w\" sizes=\"auto, (max-width: 600px) 100vw, 600px\" \/><\/figure>\n\n\n\n<p><strong>[Redacci\u00f3n]<\/strong><\/p>\n\n\n\n<p><strong><em>Garc\u00eda\nJim\u00e9nez explic\u00f3 que en el caso del feminicidio las estad\u00edsticas no son precisas\ndebido a la manipulaci\u00f3n de \u00e9stas que hab\u00eda hasta septiembre en la FGE<\/em><\/strong><\/p>\n\n\n\n<p>Coatzacoalcos,\nVeracruz.- El gobernador Cuitl\u00e1huac Garc\u00eda Jim\u00e9nez asegur\u00f3 que la estrategia de\ncombate a la delincuencia no ha fallado en Coatzacoalcos, pues sostuvo que delitos\nde alto impacto como el homicidio doloso y el cobro de piso han disminuido.<\/p>\n\n\n\n<p>Luego\nde instalar una mesa regional de seguridad y justicia, en la que fueron\nincorporados representantes del sector empresarial, el ejecutivo estatal\npresumi\u00f3 que desde que hubo cambios en la Fiscal\u00eda General del Estado (FGE)\ntambi\u00e9n han aumentado las detenciones.<\/p>\n\n\n\n<p>\u201cNo\nha fallado (la estrategia), yo lo he dicho, pueden ustedes verificar las\nestad\u00edsticas, van a la baja, esto no quiere decir que no sucedan sino que el\nnivel con que ven\u00edan sucediendo disminuy\u00f3. Aqu\u00ed en Coatzacoalcos disminuy\u00f3 el\nhomicidio doloso 42 por ciento, no quiere decir que no suceda, pero (la\nestrategia) est\u00e1 funcionando\u201d, expres\u00f3.<\/p>\n\n\n\n<p>Garc\u00eda\nJim\u00e9nez explic\u00f3 que en el caso del feminicidio las estad\u00edsticas no son precisas\ndebido a la manipulaci\u00f3n de \u00e9stas que hab\u00eda hasta septiembre en la FGE.<\/p>\n\n\n\n<p>\u201cInsisto\nno es que no suceda, s\u00ed est\u00e1 sucediendo a nivel preocupante, pero\nlamentablemente quien administraba la procuraci\u00f3n de justicia antes de\nseptiembre hac\u00eda manipulaci\u00f3n entonces el dato que se tiene ahora es imprecisa,\nno se sabe de los homicidios dolosos de mujer cu\u00e1les pueden catalogarse como\nfeminicidios y cu\u00e1les no, la Fiscal\u00eda en esta nueva administraci\u00f3n que tiene,\nla encargada de despacho al frente est\u00e1 haciendo un esfuerzo por analizar por\nejemplo la ejecuci\u00f3n de una mujer, tiene que investigarse si corresponde a una\ncuesti\u00f3n de g\u00e9nero o a otra intenci\u00f3n\u201d, manifest\u00f3.<\/p>\n","protected":false},"excerpt":{"rendered":"<p>[Redacci\u00f3n] Garc\u00eda Jim\u00e9nez explic\u00f3 que en el caso del feminicidio las estad\u00edsticas no son precisas debido a la manipulaci\u00f3n de \u00e9stas que hab\u00eda hasta septiembre en la FGE Coatzacoalcos, Veracruz.- El gobernador Cuitl\u00e1huac Garc\u00eda Jim\u00e9nez asegur\u00f3 que la estrategia de combate a la delincuencia no ha fallado en Coatzacoalcos, pues sostuvo que delitos de alto [&hellip;]<\/p>\n","protected":false},"author":1,"featured_media":145950,"comment_status":"open","ping_status":"open","sticky":false,"template":"","format":"standard","meta":{"footnotes":""},"categories":[7],"tags":[],"class_list":["post-145949","post","type-post","status-publish","format-standard","has-post-thumbnail","hentry","category-veracruz","entry","has-media"],"jetpack_featured_media_url":"http:\/\/vertienteglobal.com\/wp-content\/uploads\/2019\/12\/Estrategia-en-Coatzacoalcos-Veracruz-no-ha-fallado-Cuitl\u00e1huac-Garc\u00eda.jpg","_links":{"self":[{"href":"http:\/\/vertienteglobal.com\/index.php?rest_route=\/wp\/v2\/posts\/145949","targetHints":{"allow":["GET"]}}],"collection":[{"href":"http:\/\/vertienteglobal.com\/index.php?rest_route=\/wp\/v2\/posts"}],"about":[{"href":"http:\/\/vertienteglobal.com\/index.php?rest_route=\/wp\/v2\/types\/post"}],"author":[{"embeddable":true,"href":"http:\/\/vertienteglobal.com\/index.php?rest_route=\/wp\/v2\/users\/1"}],"replies":[{"embeddable":true,"href":"http:\/\/vertienteglobal.com\/index.php?rest_route=%2Fwp%2Fv2%2Fcomments&post=145949"}],"version-history":[{"count":0,"href":"http:\/\/vertienteglobal.com\/index.php?rest_route=\/wp\/v2\/posts\/145949\/revisions"}],"wp:featuredmedia":[{"embeddable":true,"href":"http:\/\/vertienteglobal.com\/index.php?rest_route=\/wp\/v2\/media\/145950"}],"wp:attachment":[{"href":"http:\/\/vertienteglobal.com\/index.php?rest_route=%2Fwp%2Fv2%2Fmedia&parent=145949"}],"wp:term":[{"taxonomy":"category","embeddable":true,"href":"http:\/\/vertienteglobal.com\/index.php?rest_route=%2Fwp%2Fv2%2Fcategories&post=145949"},{"taxonomy":"post_tag","embeddable":true,"href":"http:\/\/vertienteglobal.com\/index.php?rest_route=%2Fwp%2Fv2%2Ftags&post=145949"}],"curies":[{"name":"wp","href":"https:\/\/api.w.org\/{rel}","templated":true}]}}