{"id":145910,"date":"2019-12-04T18:52:00","date_gmt":"2019-12-05T00:52:00","guid":{"rendered":"http:\/\/vertienteglobal.com\/?p=145910"},"modified":"2019-12-05T00:00:10","modified_gmt":"2019-12-05T06:00:10","slug":"gobierno-del-estado-y-nafin-ofrecen-mas-opciones-de-credito-a-empresarios-yucatecos","status":"publish","type":"post","link":"http:\/\/vertienteglobal.com\/?p=145910","title":{"rendered":"Gobierno del Estado y Nafin ofrecen m\u00e1s opciones de cr\u00e9dito a empresarios yucatecos"},"content":{"rendered":"\n<div class=\"twitterbutton\" style=\"float: right; padding-left: 5px;\"><a href=\"http:\/\/twitter.com\/share\" class=\"twitter-share-button\" data-count=\"horizontal\" data-text=\"Gobierno del Estado y Nafin ofrecen m\u00e1s opciones de cr\u00e9dito a empresarios yuca...\" data-via=\"https:\/\/twitter.com\/VertienteGloba1\" data-url=\"http:\/\/vertienteglobal.com\/?p=145910\" data-lang=\"es\" data-related=\"Informaci\u00f3n general:S\u00edguenos para que est\u00e9ss informado\"><\/a><\/div>\n<figure class=\"wp-block-image size-large\"><img loading=\"lazy\" decoding=\"async\" width=\"600\" height=\"359\" src=\"http:\/\/vertienteglobal.com\/wp-content\/uploads\/2019\/12\/Gobierno-del-Estado-y-Nafin-ofrecen-m\u00e1s-opciones-de-cr\u00e9dito-a-empresarios-yucatecos-01.jpg\" alt=\"\" class=\"wp-image-145911\" srcset=\"http:\/\/vertienteglobal.com\/wp-content\/uploads\/2019\/12\/Gobierno-del-Estado-y-Nafin-ofrecen-m\u00e1s-opciones-de-cr\u00e9dito-a-empresarios-yucatecos-01.jpg 600w, http:\/\/vertienteglobal.com\/wp-content\/uploads\/2019\/12\/Gobierno-del-Estado-y-Nafin-ofrecen-m\u00e1s-opciones-de-cr\u00e9dito-a-empresarios-yucatecos-01-300x180.jpg 300w, http:\/\/vertienteglobal.com\/wp-content\/uploads\/2019\/12\/Gobierno-del-Estado-y-Nafin-ofrecen-m\u00e1s-opciones-de-cr\u00e9dito-a-empresarios-yucatecos-01-150x90.jpg 150w\" sizes=\"auto, (max-width: 600px) 100vw, 600px\" \/><\/figure>\n\n\n\n<p><strong>[Redacci\u00f3n] <\/strong><\/p>\n\n\n\n<p><strong><em>El\nGobernador Mauricio Vila Dosal y Eugenio N\u00e1jera Sol\u00f3rzano, director de Nacional\nFinanciera (Nafin), anunciaron una bolsa de 295 millones de pesos dirigida a\nmicro, peque\u00f1os y medianos empresarios<\/em><\/strong><\/p>\n\n\n\n<p><strong><em>Con\nestas oportunidades crediticias se apoyar\u00e1 a la industria, comercio y servicios\nde 31 sectores, tales como textil y confecci\u00f3n, calzado, m\u00e9dico, farmac\u00e9utico,\ncomunicaci\u00f3n y otros<\/em><\/strong><\/p>\n\n\n\n<p><strong><em>Los\napoyos podr\u00e1n ser adquiridos en montos desde 100,000 pesos hasta 5 millones de\npesos<\/em><\/strong><\/p>\n\n\n\n<p>M\u00e9rida,\nYucat\u00e1n.- Micro, peque\u00f1os y medianos empresarios yucatecos dedicados a los\nsectores industrial, comercial y de servicios podr\u00e1n acceder a cr\u00e9ditos a bajas\ntasas de inter\u00e9s a trav\u00e9s de una bolsa de 295 millones de pesos que pusieron a\ndisposici\u00f3n el Gobierno del Estado en coordinaci\u00f3n con Nacional Financiera\n(Nafin).<\/p>\n\n\n\n<p>El\nGobernador Mauricio Vila Dosal y Eugenio N\u00e1jera Sol\u00f3rzano, director de Nafin y\nel Banco Nacional de Comercio Exterior (Bancomext), presentaron este d\u00eda el\nPrograma de Impulso para el Desarrollo Industrial y Regional en Yucat\u00e1n, que\notorgar\u00e1 montos que van de los 100,000 hasta los 5 millones de pesos con una\ntasa de inter\u00e9s anual fija de 15.5% con opci\u00f3n a destinarlo a capital de\ntrabajo o activo fijo, operado a trav\u00e9s de la bancada privada como\nintermediario financiero.<\/p>\n\n\n\n<p>Desde\nel Sal\u00f3n de la Historia de Palacio de Gobierno, N\u00e1jera Sol\u00f3rzano reconoci\u00f3 que\nen Yucat\u00e1n se tiene una tasa de crecimiento econ\u00f3mico muy buena, que se asemeja\nal crecimiento que se registra en el norte de M\u00e9xico, lo cual es un reflejo de\nque se hacen bien las cosas.<\/p>\n\n\n\n<p>\u00abSe\npercibe que el estado tiene un buen desarrollo industrial tambi\u00e9n, se nota en\nsus calles y en todo el entorno. A nombre del presidente de la Rep\u00fablica,\nnosotros estamos con ustedes, tambi\u00e9n la Banca de Desarrollo tiene el mandato\nde apoyar a las empresas del estado, pues no hay otro camino de crecimiento que\nno sea el apoyo a las empresas porque entre m\u00e1s empresas, m\u00e1s riquezas y eso\npermite que haya m\u00e1s fuentes de empleo\u00bb, asever\u00f3 el director de Nafin.<\/p>\n\n\n\n<p>De\nigual forma, N\u00e1jera Sol\u00f3rzano dijo que en Yucat\u00e1n se pueden apuntalar los\nsectores que produzcan, como lo son el de comercios y servicios, entre otros,\nlo cual permite que el estado tenga un desarrollo importante y ejemplar.<\/p>\n\n\n\n<p>En\neste sentido, Vila Dosal mencion\u00f3 que, para continuar con dicho crecimiento en\nYucat\u00e1n, el Gobierno del Estado aport\u00f3 20 millones de pesos, que junto con\nNafin se potencializa a 295 millones de pesos, los cuales podr\u00e1n aprovechar\nmicro, peque\u00f1os y medianos empresarios yucatecos.<\/p>\n\n\n\n<p>Asimismo,\nVila Dosal especific\u00f3 que mediante este programa se apoyar\u00e1 a la industria,\ncomercio y servicios de 31 sectores, tales como textil y confecci\u00f3n; calzado,\nm\u00e9dico, farmac\u00e9utico, comunicaci\u00f3n y otros.<\/p>\n\n\n\n<p>Entre\nlos beneficios que se ofrecer\u00e1n, el Gobernador puntualiz\u00f3 que los microempresarios\nrecibir\u00e1n una tasa fija anual de 15.5% y esta podr\u00eda variar en lo m\u00ednimo seg\u00fan\nlo determine alguno de los 7 bancos participantes, adem\u00e1s que en montos de\ncr\u00e9dito menores a 2.5 millones de pesos se podr\u00e1 acceder sin la necesidad de\npresentar un aval.<\/p>\n\n\n\n<p>\u00abEl\nGobierno del Estado de Yucat\u00e1n da facilidades para que los empresarios puedan\ninvertir, por lo que queremos pedirles a las c\u00e1maras empresariales para que el\napoyo llegue al interior del estado y que el dinero no s\u00f3lo se quede en\nM\u00e9rida\u00bb, indic\u00f3 Vila Dosal.<\/p>\n\n\n\n<p>De\nesta manera, el Gobernador se\u00f1al\u00f3 que este apoyo viene a complementar el\nprograma MicroYuc, el cual a trav\u00e9s de 6 programas y una bolsa de 53.4 millones\nde pesos, ofrece diversos apoyos con tasas de inter\u00e9s flexibles, permitiendo\nque cualquier yucateco o yucateca que desee salir adelante cuente con las\nherramientas necesarias para hacerlo a trav\u00e9s del autoempleo.<\/p>\n\n\n\n<p>\u00abCon\nMicroyuc y ahora con este abanico de opciones que otorgamos a trav\u00e9s de Nafin,\nvarios sectores de la econom\u00eda del estado se estar\u00e1n activando y sobre todo,\nd\u00e1ndole mayores oportunidades a quienes quieran abrir un negocio\u00bb, agreg\u00f3\nVila Dosal.<\/p>\n\n\n\n<p>Para\nfacilitar las inversiones futuras y agilizar los procesos de las que ya se han\nconcretado, el Gobernador destac\u00f3 que en Yucat\u00e1n se impulsa un plan de mejora\nregulatoria con el acompa\u00f1amiento de la Organizaci\u00f3n para la Cooperaci\u00f3n y el\nDesarrollo Econ\u00f3mico (OCDE), el cual est\u00e1n permitiendo ahorrar tiempo y dinero\na los ciudadanos y empresarios a la hora realizar tr\u00e1mites gubernamentales.<\/p>\n\n\n\n<p>\u00abLo\nque queremos tambi\u00e9n es que Yucat\u00e1n sea un referente de facilidades para poder\nabrir empresas, por lo que el Gobierno da facilidades para que los empresarios\npuedan invertir y parte de estas facilidades es este acuerdo que tenemos con\nNafin\u00bb, agreg\u00f3 Vila Dosal.<\/p>\n\n\n\n<p>Resultado\nde estos esfuerzos, el Gobernador record\u00f3 que en el reciente trimestre que\nconcluy\u00f3, Yucat\u00e1n registr\u00f3 un crecimiento de 17 veces m\u00e1s en comparaci\u00f3n con la\neconom\u00eda nacional que alcanz\u00f3 0.1%, mientras que en materia de empleo durante\nel primer semestre de este a\u00f1o se gener\u00f3 un 32% m\u00e1s de empleos con respecto a\n2018.<\/p>\n\n\n\n<p>Asimismo,\nVila Dosal resalt\u00f3 que, en materia de desocupaci\u00f3n, el estado cuenta con una\ntasa de 2%, lo que es menor que el promedio nacional que es de 3.7%, por lo que\nse ubica entre los primeros 3 estados con mejores resultados.<\/p>\n\n\n\n<p>Al\nhacer uso de la palabra, Ernesto Herrera Novelo, secretario de Fomento\nEcon\u00f3mico y Trabajo del estado (Sefoet), se\u00f1al\u00f3 que con este programa de\ncoordinaci\u00f3n con Nafin se busca generar un desarrollo ordenado e incluyente,\n\u00abya que hemos visto que la suma de esfuerzos ha sido determinante para\nlograr el crecimiento que tiene Yucat\u00e1n\u00bb.<\/p>\n\n\n\n<p>En\nel evento estuvieron presentes Said Saavedra Bracamonte, director General\nAdjunto de Promoci\u00f3n Institucional de Nafin; Adri\u00e1n Plata Monroy, director\nRegional Sur de Nafin; Ra\u00fal Aguilar Baqueiro, presidente del Consejo\nCoordinador Empresarial (CEE); V\u00edctor Hugo Michel Torres, representante de\nNafin en Yucat\u00e1n; C\u00e9sar Ariel Carrizo, director de Mercadotecnia y\nPosicionamiento de Negocios de Nafin.<\/p>\n\n\n\n<p>Igualmente, los presidentes de la Confederaci\u00f3n Patronal de la Rep\u00fablica Mexicana (Coparmex), Jos\u00e9 Antonio Loret de Mola G\u00f3mory; de la C\u00e1mara Nacional de Comercio, Servicios y Turismo (Canaco-Servytur) de M\u00e9rida, Michel Salum Francis y de la C\u00e1mara Nacional de la Industria de Transformaci\u00f3n (Canacintra), Alberto Abraham Xacur.<\/p>\n\n\n\n<figure class=\"wp-block-image size-large\"><img loading=\"lazy\" decoding=\"async\" width=\"600\" height=\"377\" src=\"http:\/\/vertienteglobal.com\/wp-content\/uploads\/2019\/12\/Gobierno-del-Estado-y-Nafin-ofrecen-m\u00e1s-opciones-de-cr\u00e9dito-a-empresarios-yucatecos00.jpg\" alt=\"\" class=\"wp-image-145912\" srcset=\"http:\/\/vertienteglobal.com\/wp-content\/uploads\/2019\/12\/Gobierno-del-Estado-y-Nafin-ofrecen-m\u00e1s-opciones-de-cr\u00e9dito-a-empresarios-yucatecos00.jpg 600w, http:\/\/vertienteglobal.com\/wp-content\/uploads\/2019\/12\/Gobierno-del-Estado-y-Nafin-ofrecen-m\u00e1s-opciones-de-cr\u00e9dito-a-empresarios-yucatecos00-300x189.jpg 300w, http:\/\/vertienteglobal.com\/wp-content\/uploads\/2019\/12\/Gobierno-del-Estado-y-Nafin-ofrecen-m\u00e1s-opciones-de-cr\u00e9dito-a-empresarios-yucatecos00-150x94.jpg 150w\" sizes=\"auto, (max-width: 600px) 100vw, 600px\" \/><\/figure>\n","protected":false},"excerpt":{"rendered":"<p>[Redacci\u00f3n] El Gobernador Mauricio Vila Dosal y Eugenio N\u00e1jera Sol\u00f3rzano, director de Nacional Financiera (Nafin), anunciaron una bolsa de 295 millones de pesos dirigida a micro, peque\u00f1os y medianos empresarios Con estas oportunidades crediticias se apoyar\u00e1 a la industria, comercio y servicios de 31 sectores, tales como textil y confecci\u00f3n, calzado, m\u00e9dico, farmac\u00e9utico, comunicaci\u00f3n y [&hellip;]<\/p>\n","protected":false},"author":1,"featured_media":145911,"comment_status":"open","ping_status":"open","sticky":false,"template":"","format":"standard","meta":{"footnotes":""},"categories":[2],"tags":[],"class_list":["post-145910","post","type-post","status-publish","format-standard","has-post-thumbnail","hentry","category-yucatan","entry","has-media"],"jetpack_featured_media_url":"http:\/\/vertienteglobal.com\/wp-content\/uploads\/2019\/12\/Gobierno-del-Estado-y-Nafin-ofrecen-m\u00e1s-opciones-de-cr\u00e9dito-a-empresarios-yucatecos-01.jpg","_links":{"self":[{"href":"http:\/\/vertienteglobal.com\/index.php?rest_route=\/wp\/v2\/posts\/145910","targetHints":{"allow":["GET"]}}],"collection":[{"href":"http:\/\/vertienteglobal.com\/index.php?rest_route=\/wp\/v2\/posts"}],"about":[{"href":"http:\/\/vertienteglobal.com\/index.php?rest_route=\/wp\/v2\/types\/post"}],"author":[{"embeddable":true,"href":"http:\/\/vertienteglobal.com\/index.php?rest_route=\/wp\/v2\/users\/1"}],"replies":[{"embeddable":true,"href":"http:\/\/vertienteglobal.com\/index.php?rest_route=%2Fwp%2Fv2%2Fcomments&post=145910"}],"version-history":[{"count":0,"href":"http:\/\/vertienteglobal.com\/index.php?rest_route=\/wp\/v2\/posts\/145910\/revisions"}],"wp:featuredmedia":[{"embeddable":true,"href":"http:\/\/vertienteglobal.com\/index.php?rest_route=\/wp\/v2\/media\/145911"}],"wp:attachment":[{"href":"http:\/\/vertienteglobal.com\/index.php?rest_route=%2Fwp%2Fv2%2Fmedia&parent=145910"}],"wp:term":[{"taxonomy":"category","embeddable":true,"href":"http:\/\/vertienteglobal.com\/index.php?rest_route=%2Fwp%2Fv2%2Fcategories&post=145910"},{"taxonomy":"post_tag","embeddable":true,"href":"http:\/\/vertienteglobal.com\/index.php?rest_route=%2Fwp%2Fv2%2Ftags&post=145910"}],"curies":[{"name":"wp","href":"https:\/\/api.w.org\/{rel}","templated":true}]}}