{"id":145898,"date":"2019-12-04T14:32:00","date_gmt":"2019-12-04T20:32:00","guid":{"rendered":"http:\/\/vertienteglobal.com\/?p=145898"},"modified":"2019-12-04T23:34:33","modified_gmt":"2019-12-05T05:34:33","slug":"el-padel-mundial-se-reunira-en-marzo-en-yucatan","status":"publish","type":"post","link":"http:\/\/vertienteglobal.com\/?p=145898","title":{"rendered":"El padel mundial se reunir\u00e1 en marzo en Yucat\u00e1n"},"content":{"rendered":"\n<div class=\"twitterbutton\" style=\"float: right; padding-left: 5px;\"><a href=\"http:\/\/twitter.com\/share\" class=\"twitter-share-button\" data-count=\"horizontal\" data-text=\"El padel mundial se reunir\u00e1 en marzo en Yucat\u00e1n\" data-via=\"https:\/\/twitter.com\/VertienteGloba1\" data-url=\"http:\/\/vertienteglobal.com\/?p=145898\" data-lang=\"es\" data-related=\"Informaci\u00f3n general:S\u00edguenos para que est\u00e9ss informado\"><\/a><\/div>\n<figure class=\"wp-block-image size-large\"><img loading=\"lazy\" decoding=\"async\" width=\"600\" height=\"342\" src=\"http:\/\/vertienteglobal.com\/wp-content\/uploads\/2019\/12\/El-padel-mundial-se-reunir\u00e1-en-marzo-en-Yucat\u00e1n.jpg\" alt=\"\" class=\"wp-image-145899\" srcset=\"http:\/\/vertienteglobal.com\/wp-content\/uploads\/2019\/12\/El-padel-mundial-se-reunir\u00e1-en-marzo-en-Yucat\u00e1n.jpg 600w, http:\/\/vertienteglobal.com\/wp-content\/uploads\/2019\/12\/El-padel-mundial-se-reunir\u00e1-en-marzo-en-Yucat\u00e1n-300x171.jpg 300w, http:\/\/vertienteglobal.com\/wp-content\/uploads\/2019\/12\/El-padel-mundial-se-reunir\u00e1-en-marzo-en-Yucat\u00e1n-150x86.jpg 150w\" sizes=\"auto, (max-width: 600px) 100vw, 600px\" \/><\/figure>\n\n\n\n<p><strong>[Redacci\u00f3n] <\/strong><\/p>\n\n\n\n<p><strong><em>La\njusta se realizar\u00e1 en el Poliforum Zamn\u00e1 y contar\u00e1 con la presencia de los mejores\nexponentes a nivel mundial<\/em><\/strong><\/p>\n\n\n\n<p>M\u00e9rida,\nYucat\u00e1n.- Del 13 al 15 de marzo de 2020 nuestra entidad ser\u00e1 el punto de\nreuni\u00f3n del padel a nivel mundial a trav\u00e9s del Yucatan Exhibition, evento que\nle fue otorgado al estado durante la final del World Padel Tour (WPT) realizado\nen Ciudad de M\u00e9xico en d\u00edas pasados y en la que asisti\u00f3 el Lic. Jorge Esteban\nAbud, director de Vinculaci\u00f3n y Unidades Deportivas del Instituto del Deporte\n(idey), en representante del Gobernador Mauricio Vila Dosal.<\/p>\n\n\n\n<p>La\njusta se realizar\u00e1 en el Poliforum Zamn\u00e1 y contar\u00e1 con la presencia de los mejores\nexponentes a nivel mundial.<\/p>\n\n\n\n<p>En\n2019 los eventos Exhibition ya estuvieron en Londres, Inglaterra y Bruselas\nB\u00e9lgica, por lo cual destaca que Yucat\u00e1n tome una para 2020. Adem\u00e1s, el Yucatan\nExhibition es el pre\u00e1mbulo para que en 2021 nuestro territorio se adjudique una\nde las fechas del WTP, que ya tiene confirmaci\u00f3n en ciudades como Sao Paulo en\nBrasil, as\u00ed como Menorca y C\u00f3rdoba en Espa\u00f1a.<\/p>\n\n\n\n<p>En\nsu m\u00e1s reciente cita en Ciudad de M\u00e9xico, el WTP reuni\u00f3 a m\u00e1s de ocho mil\nasistentes en cinco d\u00edas de competencias, lo que signific\u00f3 una importante\nderrama econ\u00f3mica para la urbe sede, efecto que se quiere para Yucat\u00e1n.<\/p>\n","protected":false},"excerpt":{"rendered":"<p>[Redacci\u00f3n] La justa se realizar\u00e1 en el Poliforum Zamn\u00e1 y contar\u00e1 con la presencia de los mejores exponentes a nivel mundial M\u00e9rida, Yucat\u00e1n.- Del 13 al 15 de marzo de 2020 nuestra entidad ser\u00e1 el punto de reuni\u00f3n del padel a nivel mundial a trav\u00e9s del Yucatan Exhibition, evento que le fue otorgado al estado [&hellip;]<\/p>\n","protected":false},"author":1,"featured_media":145899,"comment_status":"open","ping_status":"open","sticky":false,"template":"","format":"standard","meta":{"footnotes":""},"categories":[11,2],"tags":[],"class_list":["post-145898","post","type-post","status-publish","format-standard","has-post-thumbnail","hentry","category-deportes","category-yucatan","entry","has-media"],"jetpack_featured_media_url":"http:\/\/vertienteglobal.com\/wp-content\/uploads\/2019\/12\/El-padel-mundial-se-reunir\u00e1-en-marzo-en-Yucat\u00e1n.jpg","_links":{"self":[{"href":"http:\/\/vertienteglobal.com\/index.php?rest_route=\/wp\/v2\/posts\/145898","targetHints":{"allow":["GET"]}}],"collection":[{"href":"http:\/\/vertienteglobal.com\/index.php?rest_route=\/wp\/v2\/posts"}],"about":[{"href":"http:\/\/vertienteglobal.com\/index.php?rest_route=\/wp\/v2\/types\/post"}],"author":[{"embeddable":true,"href":"http:\/\/vertienteglobal.com\/index.php?rest_route=\/wp\/v2\/users\/1"}],"replies":[{"embeddable":true,"href":"http:\/\/vertienteglobal.com\/index.php?rest_route=%2Fwp%2Fv2%2Fcomments&post=145898"}],"version-history":[{"count":0,"href":"http:\/\/vertienteglobal.com\/index.php?rest_route=\/wp\/v2\/posts\/145898\/revisions"}],"wp:featuredmedia":[{"embeddable":true,"href":"http:\/\/vertienteglobal.com\/index.php?rest_route=\/wp\/v2\/media\/145899"}],"wp:attachment":[{"href":"http:\/\/vertienteglobal.com\/index.php?rest_route=%2Fwp%2Fv2%2Fmedia&parent=145898"}],"wp:term":[{"taxonomy":"category","embeddable":true,"href":"http:\/\/vertienteglobal.com\/index.php?rest_route=%2Fwp%2Fv2%2Fcategories&post=145898"},{"taxonomy":"post_tag","embeddable":true,"href":"http:\/\/vertienteglobal.com\/index.php?rest_route=%2Fwp%2Fv2%2Ftags&post=145898"}],"curies":[{"name":"wp","href":"https:\/\/api.w.org\/{rel}","templated":true}]}}