{"id":145825,"date":"2019-12-03T09:39:00","date_gmt":"2019-12-03T15:39:00","guid":{"rendered":"http:\/\/vertienteglobal.com\/?p=145825"},"modified":"2019-12-03T15:26:40","modified_gmt":"2019-12-03T21:26:40","slug":"empleado-de-cultur-devuelve-camara-fotografica-que-perdio-una-turista-belga-en-uxmal","status":"publish","type":"post","link":"http:\/\/vertienteglobal.com\/?p=145825","title":{"rendered":"Empleado de Cultur devuelve c\u00e1mara fotogr\u00e1fica que perdi\u00f3 una turista belga en Uxmal"},"content":{"rendered":"\n<div class=\"twitterbutton\" style=\"float: right; padding-left: 5px;\"><a href=\"http:\/\/twitter.com\/share\" class=\"twitter-share-button\" data-count=\"horizontal\" data-text=\"Empleado de Cultur devuelve c\u00e1mara fotogr\u00e1fica que perdi\u00f3 una turista belga e...\" data-via=\"https:\/\/twitter.com\/VertienteGloba1\" data-url=\"http:\/\/vertienteglobal.com\/?p=145825\" data-lang=\"es\" data-related=\"Informaci\u00f3n general:S\u00edguenos para que est\u00e9ss informado\"><\/a><\/div>\n<figure class=\"wp-block-image size-large\"><img loading=\"lazy\" decoding=\"async\" width=\"600\" height=\"457\" src=\"http:\/\/vertienteglobal.com\/wp-content\/uploads\/2019\/12\/turista-belga-en-Uxmal.jpg\" alt=\"\" class=\"wp-image-145826\" srcset=\"http:\/\/vertienteglobal.com\/wp-content\/uploads\/2019\/12\/turista-belga-en-Uxmal.jpg 600w, http:\/\/vertienteglobal.com\/wp-content\/uploads\/2019\/12\/turista-belga-en-Uxmal-300x229.jpg 300w, http:\/\/vertienteglobal.com\/wp-content\/uploads\/2019\/12\/turista-belga-en-Uxmal-150x114.jpg 150w\" sizes=\"auto, (max-width: 600px) 100vw, 600px\" \/><\/figure>\n\n\n\n<p><strong>[Redacci\u00f3n] <\/strong><\/p>\n\n\n\n<p><strong><em>El\ndirector General de la dependencia agradece este nuevo acto de honradez<\/em><\/strong><\/p>\n\n\n\n<p>M\u00e9rida,\nYucat\u00e1n.- \u00abMe siento muy contento porque, una vez m\u00e1s, uno de nuestros\ncolaboradores hace que la gente que visita nuestras unidades sienta que hay\ngente honrada. Son acciones que dan un valor agregado a nuestros servicios y al\nGobierno de Mauricio Vila Dosal\u00bb, coment\u00f3 el director del Patronato de las\nUnidades de Servicios Culturales y Tur\u00edsticos de Yucat\u00e1n (Cultur), Mauricio\nD\u00edaz Montalvo sobre otro acto de honestidad, ahora en Uxmal.<\/p>\n\n\n\n<p>En\nesta ocasi\u00f3n, el protagonista de esta historia es el param\u00e9dico Mauricio\nAlcocer Sabido, dado que en d\u00edas pasados hall\u00f3 en los pasillos del lugar una\nc\u00e1mara Nikon de 13.1 megapixeles, con un valor aproximado a los seis mil pesos.<\/p>\n\n\n\n<p>Sin\ndudarlo, \u00e9l entreg\u00f3 el objeto a la administraci\u00f3n, la cual se encarg\u00f3 de\nlocalizar a su propietaria, la se\u00f1ora Van Hellemon Reinilde Joana L, originaria\nde B\u00e9lgica, quien agradeci\u00f3 la devoluci\u00f3n de su equipo.<\/p>\n\n\n\n<p>Por\neste noble gesto, D\u00edaz Montalvo expres\u00f3 su reconocimiento a todo el personal de\nUxmal, sobre todo al param\u00e9dico Alcocer Sabido, por este nuevo acto de\nhonradez, que mantiene vivo uno de los valores que impulsa la dependencia: la\nintegridad.<\/p>\n","protected":false},"excerpt":{"rendered":"<p>[Redacci\u00f3n] El director General de la dependencia agradece este nuevo acto de honradez M\u00e9rida, Yucat\u00e1n.- \u00abMe siento muy contento porque, una vez m\u00e1s, uno de nuestros colaboradores hace que la gente que visita nuestras unidades sienta que hay gente honrada. Son acciones que dan un valor agregado a nuestros servicios y al Gobierno de Mauricio [&hellip;]<\/p>\n","protected":false},"author":1,"featured_media":145826,"comment_status":"open","ping_status":"open","sticky":false,"template":"","format":"standard","meta":{"footnotes":""},"categories":[2],"tags":[],"class_list":["post-145825","post","type-post","status-publish","format-standard","has-post-thumbnail","hentry","category-yucatan","entry","has-media"],"jetpack_featured_media_url":"http:\/\/vertienteglobal.com\/wp-content\/uploads\/2019\/12\/turista-belga-en-Uxmal.jpg","_links":{"self":[{"href":"http:\/\/vertienteglobal.com\/index.php?rest_route=\/wp\/v2\/posts\/145825","targetHints":{"allow":["GET"]}}],"collection":[{"href":"http:\/\/vertienteglobal.com\/index.php?rest_route=\/wp\/v2\/posts"}],"about":[{"href":"http:\/\/vertienteglobal.com\/index.php?rest_route=\/wp\/v2\/types\/post"}],"author":[{"embeddable":true,"href":"http:\/\/vertienteglobal.com\/index.php?rest_route=\/wp\/v2\/users\/1"}],"replies":[{"embeddable":true,"href":"http:\/\/vertienteglobal.com\/index.php?rest_route=%2Fwp%2Fv2%2Fcomments&post=145825"}],"version-history":[{"count":0,"href":"http:\/\/vertienteglobal.com\/index.php?rest_route=\/wp\/v2\/posts\/145825\/revisions"}],"wp:featuredmedia":[{"embeddable":true,"href":"http:\/\/vertienteglobal.com\/index.php?rest_route=\/wp\/v2\/media\/145826"}],"wp:attachment":[{"href":"http:\/\/vertienteglobal.com\/index.php?rest_route=%2Fwp%2Fv2%2Fmedia&parent=145825"}],"wp:term":[{"taxonomy":"category","embeddable":true,"href":"http:\/\/vertienteglobal.com\/index.php?rest_route=%2Fwp%2Fv2%2Fcategories&post=145825"},{"taxonomy":"post_tag","embeddable":true,"href":"http:\/\/vertienteglobal.com\/index.php?rest_route=%2Fwp%2Fv2%2Ftags&post=145825"}],"curies":[{"name":"wp","href":"https:\/\/api.w.org\/{rel}","templated":true}]}}