{"id":145766,"date":"2019-12-02T11:48:00","date_gmt":"2019-12-02T17:48:00","guid":{"rendered":"http:\/\/vertienteglobal.com\/?p=145766"},"modified":"2019-12-02T22:02:38","modified_gmt":"2019-12-03T04:02:38","slug":"muere-ostion-en-sanchez-magallanes-urge-desazolve-de-barra-de-panteones-soraya-perez-munguia","status":"publish","type":"post","link":"http:\/\/vertienteglobal.com\/?p=145766","title":{"rendered":"Muere Osti\u00f3n en S\u00e1nchez Magallanes, urge desazolve de &#8216;Barra de Panteones&#8217;: Soraya P\u00e9rez Mungu\u00eda"},"content":{"rendered":"\n<div class=\"twitterbutton\" style=\"float: right; padding-left: 5px;\"><a href=\"http:\/\/twitter.com\/share\" class=\"twitter-share-button\" data-count=\"horizontal\" data-text=\"Muere Osti\u00f3n en S\u00e1nchez Magallanes, urge desazolve de &#8216;Barra de Panteone...\" data-via=\"https:\/\/twitter.com\/VertienteGloba1\" data-url=\"http:\/\/vertienteglobal.com\/?p=145766\" data-lang=\"es\" data-related=\"Informaci\u00f3n general:S\u00edguenos para que est\u00e9ss informado\"><\/a><\/div>\n<figure class=\"wp-block-image size-large\"><img loading=\"lazy\" decoding=\"async\" width=\"600\" height=\"358\" src=\"http:\/\/vertienteglobal.com\/wp-content\/uploads\/2019\/12\/Muere-Osti\u00f3n-en-S\u00e1nchez-Magallanes.jpg\" alt=\"\" class=\"wp-image-145767\" srcset=\"http:\/\/vertienteglobal.com\/wp-content\/uploads\/2019\/12\/Muere-Osti\u00f3n-en-S\u00e1nchez-Magallanes.jpg 600w, http:\/\/vertienteglobal.com\/wp-content\/uploads\/2019\/12\/Muere-Osti\u00f3n-en-S\u00e1nchez-Magallanes-300x179.jpg 300w, http:\/\/vertienteglobal.com\/wp-content\/uploads\/2019\/12\/Muere-Osti\u00f3n-en-S\u00e1nchez-Magallanes-150x90.jpg 150w\" sizes=\"auto, (max-width: 600px) 100vw, 600px\" \/><\/figure>\n\n\n\n<p><strong>[Antonio Rivera]<\/strong><\/p>\n\n\n\n<p><strong><em>No\nhay ingreso de agua salada al complejo lagunar y la acumulaci\u00f3n de\ncontaminantes est\u00e1 originando el problema advirti\u00f3 la legisladora tabasque\u00f1a<\/em><\/strong><\/p>\n\n\n\n<p><strong><em>Agreg\u00f3\nque la retroexcavadora ya se encuentra en C\u00e1rdenas y que s\u00f3lo es cuesti\u00f3n de\nque sea trasladada al lugar para que se inicien los trabajos<\/em><\/strong><\/p>\n\n\n\n<p><strong><em>Sobre\nel convenio &#8216;Adi\u00f3s a tu deuda&#8217; mencion\u00f3 que la ciudadan\u00eda requiere de mayor\ninformaci\u00f3n y en lo personal dijo no estar de acuerdo con la continuidad de la\nResistencia Civil<\/em><\/strong><\/p>\n\n\n\n<p>Villahermosa,\nTabasco.- Con un llamado urgente y respetuoso a las autoridades estatales y\nmunicipales para que se inicie cuanto antes el dezazolve de la &#8216;Barra de\nPanteones&#8217; en S\u00e1nchez Magallanes, la Diputada Federal, Soraya P\u00e9rez Mungu\u00eda, se\ndijo preocupada por la muerte del osti\u00f3n que afecta a cientos de productores de\naquella zona.<\/p>\n\n\n\n<p>Otra\nde las inquietudes -dijo- son las recurrentes inundaciones que est\u00e1n\nenfrentando habitantes de las comunidades del Alacr\u00e1n y Sinaloa, al tiempo que\nrecord\u00f3 que ya realiz\u00f3 la solicitud de manera formal a las autoridades para que\nauxilien a dicha poblaci\u00f3n costera.<\/p>\n\n\n\n<p>\u00abLa\nbarra de panteones est\u00e1 totalmente tapada, de tal suerte que no entra la\nsalinidad al cuerpo lagunar, y como se sabe en esa zona se produce el osti\u00f3n, y\nel osti\u00f3n est\u00e1 ahorita cambiando de color, eso significa que est\u00e1 en proceso de\nmuerte, por que necesita de salinidad\u00bb anot\u00f3.<\/p>\n\n\n\n<p>Adem\u00e1s\n-indic\u00f3- existen un peligro latente por la erosi\u00f3n mar\u00edtima de la Villa S\u00e1nchez\nMagallanes, C\u00e1rdenas, por lo que habr\u00eda que explorar recursos del Fondo\nNacional de Desastre que permita la construcci\u00f3n de escolleras.<\/p>\n\n\n\n<p>Por\notra parte, en el marco del encuentro de fin de a\u00f1o realizado con\nrepresentantes de los medios de comunicaci\u00f3n en Tabasco, P\u00e9rez Mungu\u00eda dijo en\nlo personal no estar de acuerdo con la continuidad de la resistencia civil, y\nque al contrario, tanto el Gobierno del Estado y la Comisi\u00f3n Federal de\nElectricidad deben dar mayor informaci\u00f3n a los tabaque\u00f1os sobre el alcance del\nconvenio \u201cAdi\u00f3s a tu deuda\u201d. <\/p>\n\n\n\n<p>Y\nes que reconoci\u00f3 que existen muchas quejas de la ciudadan\u00eda sobre el incremento\ndel costo de energ\u00eda el\u00e9ctrica principalmente en esta temporada de invierno y,\nmencion\u00f3 que en su oportunidad comparti\u00f3 en sus redes sociales un bolet\u00edn\ninformativo para que los usuarios puedan realizar sus c\u00e1lculos de consumo en\ndeterminados meses del a\u00f1o.<\/p>\n\n\n\n<p>\u00abPorque\nel cambio de tarifa 1F a 1D es muy peque\u00f1a, no hay tanta diferencia. El mayor\nbeneficio que tiene el cambio de tarifa es lo que tienes derechos al n\u00famero de\nkilowatts que tienes derecho a precio subsidiado, especialmente en el\nverano\u00bb<\/p>\n\n\n\n<p>\u00abPueden\nencontrar un video que grab\u00e9, en donde hice un llamado a que tuvieran mucha\nprecauci\u00f3n precisamente a partir mes de septiembre, si se manten\u00eda el mismo\nconsumo de verano pues no iban a notar el beneficio e incluso aumentar el\nrecibo\u00bb, a\u00f1adi\u00f3 la Diputada Federal por Tabasco.<\/p>\n\n\n\n<p>Se\u00f1al\u00f3\nque eso podr\u00eda ser un problema, el que ya no s\u00f3lo es el n\u00famero de kilowatts\nsubsidiados, sino que ya no se estuviera respetando la nueva tarifa, por tanto\npidi\u00f3 a la ciudadan\u00eda que se encuentra con este tipo de problemas le hagan\nllegar a sus redes sociales cada uno los casos para poder demostrarle a la CFE\ncu\u00e1l es la raz\u00f3n de que los recibos est\u00e1n llegando tan alto.<\/p>\n\n\n\n<p>Por\n\u00faltimo, al ser cuestionada respecto al primer a\u00f1o del Gobierno Federal, explic\u00f3\nque no se ha visto nada positivo, dado que no han puesto los recursos donde\ndeban de ponerse, y tampoco se ha hecho la legislaci\u00f3n que promueva el desarrollo\ny el crecimiento econ\u00f3mico.<\/p>\n\n\n\n<p>\u00abEs\nel primer a\u00f1o, tiene dos opciones. O recular en el segundo a\u00f1o y empezar a\ngenerar propuestas legislativas para el crecimiento econ\u00f3mico o apostarle a los\nsegmentos productivos que generen crecimiento econ\u00f3mico\u00bb subray\u00f3 la\nlegisladora.<\/p>\n","protected":false},"excerpt":{"rendered":"<p>[Antonio Rivera] No hay ingreso de agua salada al complejo lagunar y la acumulaci\u00f3n de contaminantes est\u00e1 originando el problema advirti\u00f3 la legisladora tabasque\u00f1a Agreg\u00f3 que la retroexcavadora ya se encuentra en C\u00e1rdenas y que s\u00f3lo es cuesti\u00f3n de que sea trasladada al lugar para que se inicien los trabajos Sobre el convenio &#8216;Adi\u00f3s a [&hellip;]<\/p>\n","protected":false},"author":1,"featured_media":145767,"comment_status":"open","ping_status":"open","sticky":false,"template":"","format":"standard","meta":{"footnotes":""},"categories":[5],"tags":[],"class_list":["post-145766","post","type-post","status-publish","format-standard","has-post-thumbnail","hentry","category-tabasco","entry","has-media"],"jetpack_featured_media_url":"http:\/\/vertienteglobal.com\/wp-content\/uploads\/2019\/12\/Muere-Osti\u00f3n-en-S\u00e1nchez-Magallanes.jpg","_links":{"self":[{"href":"http:\/\/vertienteglobal.com\/index.php?rest_route=\/wp\/v2\/posts\/145766","targetHints":{"allow":["GET"]}}],"collection":[{"href":"http:\/\/vertienteglobal.com\/index.php?rest_route=\/wp\/v2\/posts"}],"about":[{"href":"http:\/\/vertienteglobal.com\/index.php?rest_route=\/wp\/v2\/types\/post"}],"author":[{"embeddable":true,"href":"http:\/\/vertienteglobal.com\/index.php?rest_route=\/wp\/v2\/users\/1"}],"replies":[{"embeddable":true,"href":"http:\/\/vertienteglobal.com\/index.php?rest_route=%2Fwp%2Fv2%2Fcomments&post=145766"}],"version-history":[{"count":0,"href":"http:\/\/vertienteglobal.com\/index.php?rest_route=\/wp\/v2\/posts\/145766\/revisions"}],"wp:featuredmedia":[{"embeddable":true,"href":"http:\/\/vertienteglobal.com\/index.php?rest_route=\/wp\/v2\/media\/145767"}],"wp:attachment":[{"href":"http:\/\/vertienteglobal.com\/index.php?rest_route=%2Fwp%2Fv2%2Fmedia&parent=145766"}],"wp:term":[{"taxonomy":"category","embeddable":true,"href":"http:\/\/vertienteglobal.com\/index.php?rest_route=%2Fwp%2Fv2%2Fcategories&post=145766"},{"taxonomy":"post_tag","embeddable":true,"href":"http:\/\/vertienteglobal.com\/index.php?rest_route=%2Fwp%2Fv2%2Ftags&post=145766"}],"curies":[{"name":"wp","href":"https:\/\/api.w.org\/{rel}","templated":true}]}}