{"id":145578,"date":"2019-11-28T15:35:00","date_gmt":"2019-11-28T21:35:00","guid":{"rendered":"http:\/\/vertienteglobal.com\/?p=145578"},"modified":"2019-11-30T12:37:08","modified_gmt":"2019-11-30T18:37:08","slug":"se-reuniran-en-veracruz-artesanos-de-campeche-chiapas-tabasco-quintana-roo-y-yucatan","status":"publish","type":"post","link":"http:\/\/vertienteglobal.com\/?p=145578","title":{"rendered":"Se reunir\u00e1n en Veracruz artesanos de Campeche, Chiapas, Tabasco, Quintana Roo y Yucat\u00e1n"},"content":{"rendered":"\n<div class=\"twitterbutton\" style=\"float: right; padding-left: 5px;\"><a href=\"http:\/\/twitter.com\/share\" class=\"twitter-share-button\" data-count=\"horizontal\" data-text=\"Se reunir\u00e1n en Veracruz artesanos de Campeche, Chiapas, Tabasco, Quintana Roo y...\" data-via=\"https:\/\/twitter.com\/VertienteGloba1\" data-url=\"http:\/\/vertienteglobal.com\/?p=145578\" data-lang=\"es\" data-related=\"Informaci\u00f3n general:S\u00edguenos para que est\u00e9ss informado\"><\/a><\/div>\n<figure class=\"wp-block-image size-large\"><img loading=\"lazy\" decoding=\"async\" width=\"600\" height=\"352\" src=\"http:\/\/vertienteglobal.com\/wp-content\/uploads\/2019\/11\/Se-reunir\u00e1n-artesanos.jpg\" alt=\"\" class=\"wp-image-145579\" srcset=\"http:\/\/vertienteglobal.com\/wp-content\/uploads\/2019\/11\/Se-reunir\u00e1n-artesanos.jpg 600w, http:\/\/vertienteglobal.com\/wp-content\/uploads\/2019\/11\/Se-reunir\u00e1n-artesanos-300x176.jpg 300w, http:\/\/vertienteglobal.com\/wp-content\/uploads\/2019\/11\/Se-reunir\u00e1n-artesanos-150x88.jpg 150w\" sizes=\"auto, (max-width: 600px) 100vw, 600px\" \/><\/figure>\n\n\n\n<p><strong>[Redacci\u00f3n]<\/strong><\/p>\n\n\n\n<p><strong><em>Participar\u00e1n\nen Encuentro artesanos de Campeche, Chiapas, Tabasco, Quintana Roo, Yucat\u00e1n y\nVeracruz<\/em><\/strong><\/p>\n\n\n\n<p>Veracruz,\nVeracruz.- \u00abA fin de difundir el patrimonio cultural artesanal en los\nestados de Campeche, Chiapas, Tabasco, Quintana Roo, Yucat\u00e1n y Veracruz, el\nInstituto Veracruzano de la Cultura (IVEC), en coordinaci\u00f3n con el Fondo\nRegional para la Cultura y las Artes de la Zona Sur (FORCAZS), organiza el\nEncuentro Artesanal del 29 de noviembre al 01 de diciembre, el cual ser\u00e1\ninaugurado a las 12:00 horas en el Exconvento Betlehemita Centro Cultural. <\/p>\n\n\n\n<p>Participar\u00e1n\n40 artesanos con el prop\u00f3sito de reconocer las manufacturas tradicionales e\nimpulsar la labor de creadores de los seis estados, quienes se distinguen por\ndesarrollar t\u00e9cnicas tradicionales de sus localidades y regi\u00f3n. <\/p>\n\n\n\n<p>Con\nrespecto al estado de Veracruz, se expondr\u00e1n productos de la Huasteca\nveracruzana, de los municipios Chicontepec, Tantoyuca, y Benito Ju\u00e1rez; de la\nSierra de Zongolica: Soledad Atzompa, Mixtla de Altamirano y Tequila; de la\nzona sur: Soteapan y Mecayapan; y de la zona centro: Naolinco y Tlacotalpan.<\/p>\n\n\n\n<p>Adem\u00e1s,\nestar\u00e1n presentes productores de los municipios de Campeche como Hecelchak\u00e1n,\nSanta Cruz y Calkin\u00ed; del estado de Chiapas participan Zinacant\u00e1n y Chiapa de\nCorzo. De igual forma, los ayuntamientos de Tulum, Cozumel y Bacalar, del\nestado de Quintana Roo, forman parte en el evento.<\/p>\n\n\n\n<p>Creadores\nde Nacajuca, Villa Tapijulapa y Tacotalpa del estado de Tabasco, as\u00ed como de\nYucat\u00e1n, colaboran productores de las comunidades de Tipikal, Mani, Sahcaba,\nHocaba y M\u00e9rida.<\/p>\n\n\n\n<p>En\nel pabell\u00f3n se realizar\u00e1n actividades musicales que facilitar\u00e1n un espacio de\nrecreaci\u00f3n, a cargo del Tr\u00edo Huasteco \u201cSon Zonte\u00f1o\u201d, la Banda de viento\n\u201cTonay\u00e1n\u201d, la Marimba de Los Hermanos Barranco, Los Utrera y Suena la\nMonta\u00f1a\u00bb.<\/p>\n","protected":false},"excerpt":{"rendered":"<p>[Redacci\u00f3n] Participar\u00e1n en Encuentro artesanos de Campeche, Chiapas, Tabasco, Quintana Roo, Yucat\u00e1n y Veracruz Veracruz, Veracruz.- \u00abA fin de difundir el patrimonio cultural artesanal en los estados de Campeche, Chiapas, Tabasco, Quintana Roo, Yucat\u00e1n y Veracruz, el Instituto Veracruzano de la Cultura (IVEC), en coordinaci\u00f3n con el Fondo Regional para la Cultura y las Artes [&hellip;]<\/p>\n","protected":false},"author":1,"featured_media":145579,"comment_status":"open","ping_status":"open","sticky":false,"template":"","format":"standard","meta":{"footnotes":""},"categories":[7],"tags":[],"class_list":["post-145578","post","type-post","status-publish","format-standard","has-post-thumbnail","hentry","category-veracruz","entry","has-media"],"jetpack_featured_media_url":"http:\/\/vertienteglobal.com\/wp-content\/uploads\/2019\/11\/Se-reunir\u00e1n-artesanos.jpg","_links":{"self":[{"href":"http:\/\/vertienteglobal.com\/index.php?rest_route=\/wp\/v2\/posts\/145578","targetHints":{"allow":["GET"]}}],"collection":[{"href":"http:\/\/vertienteglobal.com\/index.php?rest_route=\/wp\/v2\/posts"}],"about":[{"href":"http:\/\/vertienteglobal.com\/index.php?rest_route=\/wp\/v2\/types\/post"}],"author":[{"embeddable":true,"href":"http:\/\/vertienteglobal.com\/index.php?rest_route=\/wp\/v2\/users\/1"}],"replies":[{"embeddable":true,"href":"http:\/\/vertienteglobal.com\/index.php?rest_route=%2Fwp%2Fv2%2Fcomments&post=145578"}],"version-history":[{"count":0,"href":"http:\/\/vertienteglobal.com\/index.php?rest_route=\/wp\/v2\/posts\/145578\/revisions"}],"wp:featuredmedia":[{"embeddable":true,"href":"http:\/\/vertienteglobal.com\/index.php?rest_route=\/wp\/v2\/media\/145579"}],"wp:attachment":[{"href":"http:\/\/vertienteglobal.com\/index.php?rest_route=%2Fwp%2Fv2%2Fmedia&parent=145578"}],"wp:term":[{"taxonomy":"category","embeddable":true,"href":"http:\/\/vertienteglobal.com\/index.php?rest_route=%2Fwp%2Fv2%2Fcategories&post=145578"},{"taxonomy":"post_tag","embeddable":true,"href":"http:\/\/vertienteglobal.com\/index.php?rest_route=%2Fwp%2Fv2%2Ftags&post=145578"}],"curies":[{"name":"wp","href":"https:\/\/api.w.org\/{rel}","templated":true}]}}