{"id":145480,"date":"2019-11-26T21:19:00","date_gmt":"2019-11-27T03:19:00","guid":{"rendered":"http:\/\/vertienteglobal.com\/?p=145480"},"modified":"2019-11-27T01:21:31","modified_gmt":"2019-11-27T07:21:31","slug":"anuncian-fecha-de-pago-de-diciembre-a-pensionados-del-imss","status":"publish","type":"post","link":"http:\/\/vertienteglobal.com\/?p=145480","title":{"rendered":"Anuncian fecha de pago de diciembre a Pensionados del IMSS"},"content":{"rendered":"\n<div class=\"twitterbutton\" style=\"float: right; padding-left: 5px;\"><a href=\"http:\/\/twitter.com\/share\" class=\"twitter-share-button\" data-count=\"horizontal\" data-text=\"Anuncian fecha de pago de diciembre a Pensionados del IMSS\" data-via=\"https:\/\/twitter.com\/VertienteGloba1\" data-url=\"http:\/\/vertienteglobal.com\/?p=145480\" data-lang=\"es\" data-related=\"Informaci\u00f3n general:S\u00edguenos para que est\u00e9ss informado\"><\/a><\/div>\n<figure class=\"wp-block-image size-large\"><img loading=\"lazy\" decoding=\"async\" width=\"600\" height=\"357\" src=\"http:\/\/vertienteglobal.com\/wp-content\/uploads\/2019\/11\/Anuncian-fecha-de-pago-de-diciembre-a-Pensionados-del-IMSS.jpg\" alt=\"\" class=\"wp-image-145481\" srcset=\"http:\/\/vertienteglobal.com\/wp-content\/uploads\/2019\/11\/Anuncian-fecha-de-pago-de-diciembre-a-Pensionados-del-IMSS.jpg 600w, http:\/\/vertienteglobal.com\/wp-content\/uploads\/2019\/11\/Anuncian-fecha-de-pago-de-diciembre-a-Pensionados-del-IMSS-300x179.jpg 300w, http:\/\/vertienteglobal.com\/wp-content\/uploads\/2019\/11\/Anuncian-fecha-de-pago-de-diciembre-a-Pensionados-del-IMSS-150x89.jpg 150w\" sizes=\"auto, (max-width: 600px) 100vw, 600px\" \/><\/figure>\n\n\n\n<p><strong>[Redacci\u00f3n]<\/strong><\/p>\n\n\n\n<p><strong><em>A\npartir de esa fecha podr\u00e1n cobrar esta prestaci\u00f3n en el banco y horario donde\ntradicionalmente lo hacen<\/em><\/strong><\/p>\n\n\n\n<p>Ciudad\nde M\u00e9xico.- Este 29 de noviembre, alrededor de 3.7 millones de pensionados del Instituto\nMexicano del Seguro Social (IMSS) podr\u00e1n cobrar el pago de diciembre.<\/p>\n\n\n\n<p>As\u00ed\nlo dio a conocer el IMSS este martes a trav\u00e9s de un comunicado, en el cual dice\nque a partir de este viernes los pensionados podr\u00e1n cobrar esta prestaci\u00f3n en\nel banco y horario donde tradicionalmente lo hacen; asegur\u00f3 que el pago de la\npensi\u00f3n est\u00e1 garantizado por lo que \u00abno hay motivos de preocupaci\u00f3n o\nalarma\u00bb.<\/p>\n\n\n\n<p>Y\nes que en un comunicado, inform\u00f3 el Instituto Mexicano del Seguro Social (IMSS)\ninforma a sus m\u00e1s de 3.7 millones de pensionados, que el pago correspondiente\nal mes de diciembre se realizar\u00e1 el 29 de noviembre del a\u00f1o en curso.<\/p>\n\n\n\n<p>A\npartir de esa fecha podr\u00e1n cobrar esta prestaci\u00f3n en el banco y horario donde\ntradicionalmente lo hacen.<\/p>\n\n\n\n<p>Es\nimportante tomar en cuenta que en este mes los pensionados del Seguro Social\nrecibieron la mensualidad correspondiente de noviembre y el aguinaldo.<\/p>\n\n\n\n<p>Para\nlas personas que tienen en sus cuentas bancarias un importe m\u00e1ximo mensual para\ndep\u00f3sitos (pensiones, apoyos de gobierno o personales), se les recomienda\nrealizar las siguientes acciones:<\/p>\n\n\n\n<p>Revisar\nen su cuenta el m\u00e1ximo de dep\u00f3sitos mensuales que puede recibir y, de ser\nnecesario, acudir a su banco a modificarlo.<\/p>\n\n\n\n<p>Recordar\nque su cuenta bancaria tiene beneficios para \u00abPensionado IMSS\u00bb, esto\nes sin cobro de comisiones.<\/p>\n\n\n\n<p>Por\ntanto, no hay motivos de preocupaci\u00f3n o alarma, ya que el pago oportuno de la\npensi\u00f3n est\u00e1 garantizado.<\/p>\n\n\n\n<p>Cabe\ndestacar que el siguiente pago que recibir\u00e1n los pensionados, que corresponde\nal mes de enero, se realizar\u00e1 el 2 de enero, ya que el primero es d\u00eda feriado.<\/p>\n\n\n\n<p>Para\ncualquier situaci\u00f3n relacionada con el pago de la prestaci\u00f3n, los pensionados o\nsus familiares podr\u00e1n comunicarse al n\u00famero telef\u00f3nico 800 623 2323 en la\nOpci\u00f3n 3 \u00abPensionados\u00bb, para recibir asesor\u00eda de un profesional.<\/p>\n","protected":false},"excerpt":{"rendered":"<p>[Redacci\u00f3n] A partir de esa fecha podr\u00e1n cobrar esta prestaci\u00f3n en el banco y horario donde tradicionalmente lo hacen Ciudad de M\u00e9xico.- Este 29 de noviembre, alrededor de 3.7 millones de pensionados del Instituto Mexicano del Seguro Social (IMSS) podr\u00e1n cobrar el pago de diciembre. As\u00ed lo dio a conocer el IMSS este martes a [&hellip;]<\/p>\n","protected":false},"author":1,"featured_media":145481,"comment_status":"open","ping_status":"open","sticky":false,"template":"","format":"standard","meta":{"footnotes":""},"categories":[8],"tags":[],"class_list":["post-145480","post","type-post","status-publish","format-standard","has-post-thumbnail","hentry","category-pais","entry","has-media"],"jetpack_featured_media_url":"http:\/\/vertienteglobal.com\/wp-content\/uploads\/2019\/11\/Anuncian-fecha-de-pago-de-diciembre-a-Pensionados-del-IMSS.jpg","_links":{"self":[{"href":"http:\/\/vertienteglobal.com\/index.php?rest_route=\/wp\/v2\/posts\/145480","targetHints":{"allow":["GET"]}}],"collection":[{"href":"http:\/\/vertienteglobal.com\/index.php?rest_route=\/wp\/v2\/posts"}],"about":[{"href":"http:\/\/vertienteglobal.com\/index.php?rest_route=\/wp\/v2\/types\/post"}],"author":[{"embeddable":true,"href":"http:\/\/vertienteglobal.com\/index.php?rest_route=\/wp\/v2\/users\/1"}],"replies":[{"embeddable":true,"href":"http:\/\/vertienteglobal.com\/index.php?rest_route=%2Fwp%2Fv2%2Fcomments&post=145480"}],"version-history":[{"count":0,"href":"http:\/\/vertienteglobal.com\/index.php?rest_route=\/wp\/v2\/posts\/145480\/revisions"}],"wp:featuredmedia":[{"embeddable":true,"href":"http:\/\/vertienteglobal.com\/index.php?rest_route=\/wp\/v2\/media\/145481"}],"wp:attachment":[{"href":"http:\/\/vertienteglobal.com\/index.php?rest_route=%2Fwp%2Fv2%2Fmedia&parent=145480"}],"wp:term":[{"taxonomy":"category","embeddable":true,"href":"http:\/\/vertienteglobal.com\/index.php?rest_route=%2Fwp%2Fv2%2Fcategories&post=145480"},{"taxonomy":"post_tag","embeddable":true,"href":"http:\/\/vertienteglobal.com\/index.php?rest_route=%2Fwp%2Fv2%2Ftags&post=145480"}],"curies":[{"name":"wp","href":"https:\/\/api.w.org\/{rel}","templated":true}]}}