{"id":145269,"date":"2019-11-22T20:50:00","date_gmt":"2019-11-23T02:50:00","guid":{"rendered":"http:\/\/vertienteglobal.com\/?p=145269"},"modified":"2019-11-22T23:04:34","modified_gmt":"2019-11-23T05:04:34","slug":"el-gobernador-mauricio-vila-dosal-impulsa-plan-de-rehabilitacion-integral-de-los-barrios-con-vision-de-ciudad-inteligente","status":"publish","type":"post","link":"http:\/\/vertienteglobal.com\/?p=145269","title":{"rendered":"El Gobernador Mauricio Vila Dosal impulsa plan de rehabilitaci\u00f3n integral de los barrios con visi\u00f3n de ciudad inteligente"},"content":{"rendered":"\n<div class=\"twitterbutton\" style=\"float: right; padding-left: 5px;\"><a href=\"http:\/\/twitter.com\/share\" class=\"twitter-share-button\" data-count=\"horizontal\" data-text=\"El Gobernador Mauricio Vila Dosal impulsa plan de rehabilitaci\u00f3n integral de lo...\" data-via=\"https:\/\/twitter.com\/VertienteGloba1\" data-url=\"http:\/\/vertienteglobal.com\/?p=145269\" data-lang=\"es\" data-related=\"Informaci\u00f3n general:S\u00edguenos para que est\u00e9ss informado\"><\/a><\/div>\n<figure class=\"wp-block-image size-large\"><img loading=\"lazy\" decoding=\"async\" width=\"600\" height=\"380\" src=\"http:\/\/vertienteglobal.com\/wp-content\/uploads\/2019\/11\/Dosal-impulsa-plan-de-rehabilitaci\u00f3n-integral-de-los-barrios.jpg\" alt=\"\" class=\"wp-image-145270\" srcset=\"http:\/\/vertienteglobal.com\/wp-content\/uploads\/2019\/11\/Dosal-impulsa-plan-de-rehabilitaci\u00f3n-integral-de-los-barrios.jpg 600w, http:\/\/vertienteglobal.com\/wp-content\/uploads\/2019\/11\/Dosal-impulsa-plan-de-rehabilitaci\u00f3n-integral-de-los-barrios-300x190.jpg 300w, http:\/\/vertienteglobal.com\/wp-content\/uploads\/2019\/11\/Dosal-impulsa-plan-de-rehabilitaci\u00f3n-integral-de-los-barrios-150x95.jpg 150w\" sizes=\"auto, (max-width: 600px) 100vw, 600px\" \/><\/figure>\n\n\n\n<p><strong>[Redacci\u00f3n] <\/strong><\/p>\n\n\n\n<p><strong><em>Como\nparte de su gira de trabajo por Barcelona, Vila Dosal firm\u00f3 un acuerdo de\nintenci\u00f3n para implementar el proyecto piloto \u00abBarrio Seguro, Barrio\nSmart: Barrio Sostenible\u00bb<\/em><\/strong><\/p>\n\n\n\n<p><strong><em>Esta\ncolaboraci\u00f3n permitir\u00e1 posicionar al estado de Yucat\u00e1n como un referente en\nmateria de transformaci\u00f3n para mejorar la calidad de vida de los habitantes a\ntrav\u00e9s de la innovaci\u00f3n, la tecnolog\u00eda y una cultura colaborativa, asegura Vila\nDosal<\/em><\/strong><\/p>\n\n\n\n<p><strong><em>&nbsp;su participaci\u00f3n en el Smart City Expo World\nCongress, el Gobernador present\u00f3 en la Mesa Panel Smart Cities las ventajas y\nbondades de Yucat\u00e1n<\/em><\/strong><\/p>\n\n\n\n<p>Barcelona,\nEspa\u00f1a.- Un plan de rehabilitaci\u00f3n integral de los barrios en las ciudades, que\ncontempla mejoras en la infraestructura, equipamiento y gesti\u00f3n, se\nimplementar\u00e1 en Yucat\u00e1n, luego de que el Gobernador Mauricio Vila Dosal firm\u00f3\nun acuerdo de intenci\u00f3n para realizar el proyecto piloto BaSeBas \u2013 \u00abBarrio\nSeguro, Barrio Smart: Barrio Sostenible\u00bb en el marco de su participaci\u00f3n\nen el Smart City Expo World Congress.<\/p>\n\n\n\n<p>Durante\nsu participaci\u00f3n en este encuentro, Vila Dosal sign\u00f3 dicho acuerdo de\ncolaboraci\u00f3n, en el que participan el Gobierno del Estado, el Smart City Expo\nLatam Congress (Scelc) y la Uni\u00f3n Internacional para la Vivienda (Uniapravi),\nque permitir\u00e1 posicionar a Yucat\u00e1n como un referente en materia de\ntransformaci\u00f3n para mejorar la calidad de vida de los habitantes de la regi\u00f3n\nmediante la innovaci\u00f3n, la tecnolog\u00eda y una cultura colaborativa.<\/p>\n\n\n\n<p>El\ndocumento fue firmado tambi\u00e9n por Manuel Redondo, Presidente de Fira Barcelona\nM\u00e9xico; Tulio V\u00e1zquez, vicepresidente de UNIAPRAVI (Uni\u00f3n Internacional para la\nVivienda) y Elki Vel\u00e1squez Monsalve, Director Regional ONU-H\u00e1bitat para Latinoam\u00e9rica\ny el Caribe.<\/p>\n\n\n\n<p>Este\nacuerdo de colaboraci\u00f3n es una iniciativa para incorporar empresas privadas,\norganismos y entidades p\u00fablicas y privadas nacionales e internacionales en la\nimplementaci\u00f3n de este primer proyecto piloto en Latinoam\u00e9rica. Al d\u00eda de hoy\nse tienen 500 mil d\u00f3lares en especie de \u00abpartners\u00bb y esta firma es el\narranque para vincular m\u00e1s presupuesto y organizaciones a la iniciativa.<\/p>\n\n\n\n<p>En\nel evento, se explic\u00f3 que este programa consiste en la trasformaci\u00f3n de un\nespacio delimitado de un Municipio\/Ciudad, hacia un modelo inteligente (Smart),\nse trata de dotar la zona con implementaciones tecnol\u00f3gicas de m\u00faltiples\n\u00e1mbitos que impulsan \u00e1reas espec\u00edficas enmarcadas en los conceptos de ciudad\ninteligente como, por ejemplo, desarrollo econ\u00f3mico, seguridad, vialidad,\nmovilidad, tecnolog\u00eda y comunicaci\u00f3n, pero que adem\u00e1s permite recuperar espacios\npara la convivencia familiar.<\/p>\n\n\n\n<p>Como\nparte de este plan, se consideran intervenciones de triple impacto, es decir,\nsocial, econ\u00f3mico y medioambiental, las cuales se ejecutan a trav\u00e9s de una\nestrategia Smart City humana de innovaci\u00f3n, tecnolog\u00eda y colaboraci\u00f3n, en la\nque se incluyen nuevos modelos de financiaci\u00f3n p\u00fablico-privada.<\/p>\n\n\n\n<p>Cabe\nmencionar que, con este programa, todas las acciones van alineadas a la\nimplementaci\u00f3n de la propia Nueva Agenda Urbana y al seguimiento y cumplimiento\nde los Objetivos de Desarrollo Sostenible (ODS) de ONU.<\/p>\n\n\n\n<p>En\notro evento de este encuentro internacional, que consisti\u00f3 en una mesa panel\nllamada \u00abSmart Cities\u00bb, Vila Dosal present\u00f3 las ventajas competitivas\ny bondades que ofrece Yucat\u00e1n, al tiempo que hizo un recuento de las\nprincipales acciones de su Gobierno en la transformaci\u00f3n urbana y territorial e\ninvit\u00f3 a los asistentes al \u00abSmart City Expo Latam Congress\u00bb 2020, el\nprimero de los 3 a\u00f1os en los que Yucat\u00e1n ser\u00e1 sede.<\/p>\n\n\n\n<p>Entre\nlas bondades, habl\u00f3 de la seguridad y resalt\u00f3 que Yucat\u00e1n es la entidad m\u00e1s\nsegura de M\u00e9xico y su capital, M\u00e9rida, es reconocida como la ciudad m\u00e1s segura\nde Am\u00e9rica Latina. Tambi\u00e9n, indic\u00f3 que cuenta con una declaratoria hist\u00f3rica\ncomo \u00abEstado de Paz\u00bb, firmada por los 30 laureados asistentes a la\nCumbre Mundial de Premios Nobel de la Paz de este a\u00f1o. Es el estado con mayor\nseguridad de M\u00e9xico para que las empresas realicen sus operaciones.<\/p>\n\n\n\n<p>Tambi\u00e9n\ndijo que Yucat\u00e1n se encuentra entre los cinco primeros destinos de inversi\u00f3n en\nM\u00e9xico, principalmente en los ramos de manufactura, automotriz y generaci\u00f3n de\nenerg\u00eda. Est\u00e1 dentro de los cinco primeros estados de M\u00e9xico con mayor\npotencial de inversi\u00f3n inmobiliaria. Actualmente se tiene una certeza en\ninversiones por m\u00e1s de 40,000 millones de pesos y 30 mil nuevos empleos a\nmediano plazo.<\/p>\n\n\n\n<p>En\ncuanto al sector tur\u00edstico, Vila Dosal indic\u00f3 que su vocaci\u00f3n como destino\ntur\u00edstico tambi\u00e9n es una de las ventajas m\u00e1s grandes de Yucat\u00e1n. Record\u00f3 que se\nsiguen incorporando nuevas rutas a\u00e9reas y mar\u00edtimas y M\u00e9rida ha sido reconocida\ncomo la \u00abMejor ciudad del mundo\u00bb en su Categor\u00eda de Ciudades Peque\u00f1as\nfuera de Estados Unidos. En cuanto a las ciudades del interior del estado,\nValladolid es reconocida como el Mejor Destino Emergente de Am\u00e9rica del Norte\n2019.<\/p>\n\n\n\n<p>Para\nacelerar la transformaci\u00f3n urbana y territorial del estado, Vila Dosal dijo que\nYucat\u00e1n ha emprendido acciones, como destinar una inversi\u00f3n de m\u00e1s de 3,000\nmillones de pesos en los pr\u00f3ximos tres a\u00f1os en infraestructura urbana en\nmunicipios y en la zona metropolitana e industrial de la capital. Esta inversi\u00f3n\npermitir\u00e1 mejorar las condiciones de movilidad de tr\u00e1nsito local, disminuir la\nocurrencia de accidentes de tr\u00e1nsito y facilitar el desplazamiento de la carga\nde los productos generados de la zona, entre otras cosas.<\/p>\n\n\n\n<p>Como\nparte de la movilidad, continu\u00f3 Vila Dosal, se trabaja en un Sistema Integrado\nde Transporte P\u00fablico (SITP) para brindar un transporte eficiente y seguro para\nla capital y los 4 municipios de mayor influencia de la zona metropolitana.<\/p>\n\n\n\n<p>Hay\nque recordar que Yucat\u00e1n trabaja con el Programa de Acci\u00f3n Clim\u00e1tica para\nCiudades Apoyado por el Acelerador de Eficiencia Energ\u00e9tica en Edificaciones\n(BEA, por sus siglas en ingl\u00e9s) para aplicar las mejores pr\u00e1cticas con miras a\nincrementar la eficiencia energ\u00e9tica en edificaciones p\u00fablicas y privadas.<\/p>\n\n\n\n<p>Al\nrespecto, en el estado tambi\u00e9n se impulsa la generaci\u00f3n de energ\u00eda renovable.\nYa operan cuatro parques generadores de energ\u00eda y se sumar\u00e1n otros proyectos,\nque de concretarse todos, sumar\u00edan una generaci\u00f3n renovable de 3,400 megawatts\ny representar\u00eda una inversi\u00f3n aproximada de 87,000 millones de pesos, capital\nque provienen de pa\u00edses como China, Espa\u00f1a y Estados Unidos.<\/p>\n\n\n\n<p>En\nese marco, Vila Dosal indic\u00f3 que ya se desarroll\u00f3 un sistema de monitoreo e\ninfraestructura tecnol\u00f3gica basada en el internet de las cosas para el\nmonitoreo y evaluaci\u00f3n de la calidad del agua del acu\u00edfero de Yucat\u00e1n.<\/p>\n\n\n\n<p>De esta manera, el Gobernador concluy\u00f3 su participaci\u00f3n en el Smart City Expo World Congress, en Barcelona, donde se anunci\u00f3 que Yucat\u00e1n ser\u00e1 sede del Smart City Expo LATAM Congress (Congreso de Ciudades Inteligentes para Latinoam\u00e9rica) en la edici\u00f3n 2020, a realizarse en M\u00e9rida del 23 al 25 de junio de ese a\u00f1o, as\u00ed como de las ediciones 2021 y 2022.<\/p>\n\n\n\n<figure class=\"wp-block-image size-large\"><img loading=\"lazy\" decoding=\"async\" width=\"600\" height=\"406\" src=\"http:\/\/vertienteglobal.com\/wp-content\/uploads\/2019\/11\/Dosal-impulsa-plan-de-rehabilitaci\u00f3n-integral-de-los-barrios-Yucatan.jpg\" alt=\"\" class=\"wp-image-145271\" srcset=\"http:\/\/vertienteglobal.com\/wp-content\/uploads\/2019\/11\/Dosal-impulsa-plan-de-rehabilitaci\u00f3n-integral-de-los-barrios-Yucatan.jpg 600w, http:\/\/vertienteglobal.com\/wp-content\/uploads\/2019\/11\/Dosal-impulsa-plan-de-rehabilitaci\u00f3n-integral-de-los-barrios-Yucatan-300x203.jpg 300w, http:\/\/vertienteglobal.com\/wp-content\/uploads\/2019\/11\/Dosal-impulsa-plan-de-rehabilitaci\u00f3n-integral-de-los-barrios-Yucatan-150x102.jpg 150w\" sizes=\"auto, (max-width: 600px) 100vw, 600px\" \/><\/figure>\n","protected":false},"excerpt":{"rendered":"<p>[Redacci\u00f3n] Como parte de su gira de trabajo por Barcelona, Vila Dosal firm\u00f3 un acuerdo de intenci\u00f3n para implementar el proyecto piloto \u00abBarrio Seguro, Barrio Smart: Barrio Sostenible\u00bb Esta colaboraci\u00f3n permitir\u00e1 posicionar al estado de Yucat\u00e1n como un referente en materia de transformaci\u00f3n para mejorar la calidad de vida de los habitantes a trav\u00e9s de [&hellip;]<\/p>\n","protected":false},"author":1,"featured_media":145270,"comment_status":"open","ping_status":"open","sticky":false,"template":"","format":"standard","meta":{"footnotes":""},"categories":[2],"tags":[],"class_list":["post-145269","post","type-post","status-publish","format-standard","has-post-thumbnail","hentry","category-yucatan","entry","has-media"],"jetpack_featured_media_url":"http:\/\/vertienteglobal.com\/wp-content\/uploads\/2019\/11\/Dosal-impulsa-plan-de-rehabilitaci\u00f3n-integral-de-los-barrios.jpg","_links":{"self":[{"href":"http:\/\/vertienteglobal.com\/index.php?rest_route=\/wp\/v2\/posts\/145269","targetHints":{"allow":["GET"]}}],"collection":[{"href":"http:\/\/vertienteglobal.com\/index.php?rest_route=\/wp\/v2\/posts"}],"about":[{"href":"http:\/\/vertienteglobal.com\/index.php?rest_route=\/wp\/v2\/types\/post"}],"author":[{"embeddable":true,"href":"http:\/\/vertienteglobal.com\/index.php?rest_route=\/wp\/v2\/users\/1"}],"replies":[{"embeddable":true,"href":"http:\/\/vertienteglobal.com\/index.php?rest_route=%2Fwp%2Fv2%2Fcomments&post=145269"}],"version-history":[{"count":0,"href":"http:\/\/vertienteglobal.com\/index.php?rest_route=\/wp\/v2\/posts\/145269\/revisions"}],"wp:featuredmedia":[{"embeddable":true,"href":"http:\/\/vertienteglobal.com\/index.php?rest_route=\/wp\/v2\/media\/145270"}],"wp:attachment":[{"href":"http:\/\/vertienteglobal.com\/index.php?rest_route=%2Fwp%2Fv2%2Fmedia&parent=145269"}],"wp:term":[{"taxonomy":"category","embeddable":true,"href":"http:\/\/vertienteglobal.com\/index.php?rest_route=%2Fwp%2Fv2%2Fcategories&post=145269"},{"taxonomy":"post_tag","embeddable":true,"href":"http:\/\/vertienteglobal.com\/index.php?rest_route=%2Fwp%2Fv2%2Ftags&post=145269"}],"curies":[{"name":"wp","href":"https:\/\/api.w.org\/{rel}","templated":true}]}}