{"id":145262,"date":"2019-11-21T11:49:00","date_gmt":"2019-11-21T17:49:00","guid":{"rendered":"http:\/\/vertienteglobal.com\/?p=145262"},"modified":"2019-11-22T22:51:10","modified_gmt":"2019-11-23T04:51:10","slug":"sefotur-trabaja-para-reforzar-la-calidad-de-los-servicios-turisticos-en-yucatan","status":"publish","type":"post","link":"http:\/\/vertienteglobal.com\/?p=145262","title":{"rendered":"Sefotur trabaja para reforzar la calidad de los servicios tur\u00edsticos en Yucat\u00e1n"},"content":{"rendered":"\n<div class=\"twitterbutton\" style=\"float: right; padding-left: 5px;\"><a href=\"http:\/\/twitter.com\/share\" class=\"twitter-share-button\" data-count=\"horizontal\" data-text=\"Sefotur trabaja para reforzar la calidad de los servicios tur\u00edsticos en Yucat\u00e1...\" data-via=\"https:\/\/twitter.com\/VertienteGloba1\" data-url=\"http:\/\/vertienteglobal.com\/?p=145262\" data-lang=\"es\" data-related=\"Informaci\u00f3n general:S\u00edguenos para que est\u00e9ss informado\"><\/a><\/div>\n<figure class=\"wp-block-image size-large\"><img loading=\"lazy\" decoding=\"async\" width=\"600\" height=\"360\" src=\"http:\/\/vertienteglobal.com\/wp-content\/uploads\/2019\/11\/Sefotur-trabaja-para-reforzar-la-calidad-de-los-servicios-tur\u00edsticos-en-Yucat\u00e1n.jpg\" alt=\"\" class=\"wp-image-145263\" srcset=\"http:\/\/vertienteglobal.com\/wp-content\/uploads\/2019\/11\/Sefotur-trabaja-para-reforzar-la-calidad-de-los-servicios-tur\u00edsticos-en-Yucat\u00e1n.jpg 600w, http:\/\/vertienteglobal.com\/wp-content\/uploads\/2019\/11\/Sefotur-trabaja-para-reforzar-la-calidad-de-los-servicios-tur\u00edsticos-en-Yucat\u00e1n-300x180.jpg 300w, http:\/\/vertienteglobal.com\/wp-content\/uploads\/2019\/11\/Sefotur-trabaja-para-reforzar-la-calidad-de-los-servicios-tur\u00edsticos-en-Yucat\u00e1n-150x90.jpg 150w\" sizes=\"auto, (max-width: 600px) 100vw, 600px\" \/><\/figure>\n\n\n\n<p><strong>[Redacci\u00f3n] <\/strong><\/p>\n\n\n\n<p><strong><em>En\nSisal, 31 gu\u00edas se certificaron en turismo de naturaleza<\/em><\/strong><\/p>\n\n\n\n<p>Hunucm\u00e1,\nYucat\u00e1n.- En cumplimiento a la instrucci\u00f3n del Gobernador Mauricio Vila Dosal\nde implementar un Modelo de Calidad Tur\u00edstica, la Secretar\u00eda de Fomento\nTur\u00edstico (Sefotur) entreg\u00f3 hoy credenciales que avalan la calidad de los\nservicios de 31 gu\u00edas de turismo de naturaleza del puerto de Sisal.<\/p>\n\n\n\n<p>El\nobjetivo de esta estrategia es brindar capacitaci\u00f3n constante a las personas\nque se dedican a esta actividad en diferentes regiones de la entidad, con la\nfinalidad atraer a un mayor n\u00famero de visitantes a Yucat\u00e1n.<\/p>\n\n\n\n<p>La\ntitular de la Sefotur, Michelle Fridman Hirsch, indic\u00f3 que, en un a\u00f1o de\ngesti\u00f3n de Vila Dosal, se ha instruido a m\u00e1s de mil 400 prestadoras y\nprestadores de servicios tur\u00edsticos, as\u00ed como entregado m\u00e1s de 100 certificados\nde calidad a la industria sin chimeneas de la entidad.<\/p>\n\n\n\n<p>En\nese sentido, la funcionaria destac\u00f3 que Sisal es un caso de \u00e9xito, ya que\ncuenta con un 400 por ciento m\u00e1s de gu\u00edas con preparaci\u00f3n, con respecto al a\u00f1o\npasado, quienes trabajan por hacer del puerto un destino mejor y m\u00e1s\nsostenible.<\/p>\n\n\n\n<p>Acompa\u00f1ada\nde Carlos \u00c1vila Pedraza, subsecretario de Desarrollo Tur\u00edstico Sustentable de\nla dependencia; Mario Monsreal Rodr\u00edguez, secretario del Ayuntamiento de\nHunucm\u00e1, y Jes\u00fas Antonio Ek Huitz, director de Turismo de Sisal, entreg\u00f3 el\nmencionado documento a las y los beneficiarios de esta estrategia.<\/p>\n\n\n\n<p>\u00abReconocemos\nel arduo esfuerzo que han puesto durante el diplomado, en el cual todo este\nproceso de profesionalizaci\u00f3n dar\u00e1 frutos importantes que sin duda se ver\u00e1n\nreflejados en el bienestar econ\u00f3mico y social de sus familias y de toda la\ncomunidad que tambi\u00e9n se beneficiar\u00e1, a trav\u00e9s de toda la cadena de valor que\nforman parte del turismo directa e indirectamente\u00bb, coment\u00f3.<\/p>\n\n\n\n<p>\u00abEl\ntrabajo que ustedes desempe\u00f1an forma parte de los pilares que hacen posible que\nel turismo se lleve a cabo con responsabilidad, con conocimientos, con respeto,\ncon identidad cultural, con pasi\u00f3n\u00bb, agreg\u00f3.<\/p>\n\n\n\n<p>Las\ncredenciales reconocen la formaci\u00f3n que recibieron durante 240 horas,\nrespaldada por la Norma Oficial Mexicana NOM-09TUR- 2002, con especializaci\u00f3n\nen turismo de naturaleza. \u00c9sta se imparte a quienes cuentan con conocimiento o\nexperiencia acreditable en alguna actividad como buceo, espeleobuceo, descenso\nen r\u00edos, kayak de mar o de lago, excursionismo, alta monta\u00f1a, escalada,\nciclismo de monta\u00f1a, ca\u00f1onismo y espele\u00edsmo, entre otros.<\/p>\n\n\n\n<p>Mediante\nesta capacitaci\u00f3n se fortalecen los valores y competencias para tener\nprofesionales t\u00e9cnicos calificados y especializados, con la posibilidad de\ndesarrollar relaciones interpersonales, cuyas funciones principales son\nconducir e informar de manera planificada, organizada y veraz a grupos en\ndestinos o recorridos determinados y durante lapsos establecidos.<\/p>\n\n\n\n<p>Por\nello, deben tener tanto un sistema de valores s\u00f3lido como uno de competencias\nintegral, y es sobre este concepto que la Sefotur ha trabajado para continuar\nfortaleciendo la cadena de valor de la industria sin chimeneas en Yucat\u00e1n.<\/p>\n\n\n\n<p>Estas\n31 personas se suman a las siete que ya estaban certificadas en el puerto de\nSisal. Adicionalmente, las y los graduados de este d\u00eda tomaron cursos de\nprimeros auxilios e ingl\u00e9s, de 40 y 20 horas, respectivamente.<\/p>\n\n\n\n<p>Es\nnecesario mencionar que la credencial tiene una vigencia de cuatro a\u00f1os y para\npoder refrendarlas es necesario que se tomen 160 horas de actualizaci\u00f3n antes\ndel vencimiento de la misma.<\/p>\n\n\n\n<p>Cabe\nse\u00f1alar que dentro del marco del Modelo de Calidad que se est\u00e1 impulsando desde\nla Sefotur, tambi\u00e9n se llevaron a cabo cursos en Tekax y Valladolid, adem\u00e1s de\ndos en Las Coloradas. En total, se imparti\u00f3 cinco en cuatro regiones distintas\ndel territorio y 98 gu\u00edas realizaron su tr\u00e1mite para obtener el documento.<\/p>\n","protected":false},"excerpt":{"rendered":"<p>[Redacci\u00f3n] En Sisal, 31 gu\u00edas se certificaron en turismo de naturaleza Hunucm\u00e1, Yucat\u00e1n.- En cumplimiento a la instrucci\u00f3n del Gobernador Mauricio Vila Dosal de implementar un Modelo de Calidad Tur\u00edstica, la Secretar\u00eda de Fomento Tur\u00edstico (Sefotur) entreg\u00f3 hoy credenciales que avalan la calidad de los servicios de 31 gu\u00edas de turismo de naturaleza del puerto [&hellip;]<\/p>\n","protected":false},"author":1,"featured_media":145263,"comment_status":"open","ping_status":"open","sticky":false,"template":"","format":"standard","meta":{"footnotes":""},"categories":[2],"tags":[],"class_list":["post-145262","post","type-post","status-publish","format-standard","has-post-thumbnail","hentry","category-yucatan","entry","has-media"],"jetpack_featured_media_url":"http:\/\/vertienteglobal.com\/wp-content\/uploads\/2019\/11\/Sefotur-trabaja-para-reforzar-la-calidad-de-los-servicios-tur\u00edsticos-en-Yucat\u00e1n.jpg","_links":{"self":[{"href":"http:\/\/vertienteglobal.com\/index.php?rest_route=\/wp\/v2\/posts\/145262","targetHints":{"allow":["GET"]}}],"collection":[{"href":"http:\/\/vertienteglobal.com\/index.php?rest_route=\/wp\/v2\/posts"}],"about":[{"href":"http:\/\/vertienteglobal.com\/index.php?rest_route=\/wp\/v2\/types\/post"}],"author":[{"embeddable":true,"href":"http:\/\/vertienteglobal.com\/index.php?rest_route=\/wp\/v2\/users\/1"}],"replies":[{"embeddable":true,"href":"http:\/\/vertienteglobal.com\/index.php?rest_route=%2Fwp%2Fv2%2Fcomments&post=145262"}],"version-history":[{"count":0,"href":"http:\/\/vertienteglobal.com\/index.php?rest_route=\/wp\/v2\/posts\/145262\/revisions"}],"wp:featuredmedia":[{"embeddable":true,"href":"http:\/\/vertienteglobal.com\/index.php?rest_route=\/wp\/v2\/media\/145263"}],"wp:attachment":[{"href":"http:\/\/vertienteglobal.com\/index.php?rest_route=%2Fwp%2Fv2%2Fmedia&parent=145262"}],"wp:term":[{"taxonomy":"category","embeddable":true,"href":"http:\/\/vertienteglobal.com\/index.php?rest_route=%2Fwp%2Fv2%2Fcategories&post=145262"},{"taxonomy":"post_tag","embeddable":true,"href":"http:\/\/vertienteglobal.com\/index.php?rest_route=%2Fwp%2Fv2%2Ftags&post=145262"}],"curies":[{"name":"wp","href":"https:\/\/api.w.org\/{rel}","templated":true}]}}