{"id":145081,"date":"2019-11-13T07:42:00","date_gmt":"2019-11-13T13:42:00","guid":{"rendered":"http:\/\/vertienteglobal.com\/?p=145081"},"modified":"2019-11-13T08:02:38","modified_gmt":"2019-11-13T14:02:38","slug":"advierten-por-presencia-de-lluvia-y-neblina-en-varias-autopistas-de-veracruz","status":"publish","type":"post","link":"http:\/\/vertienteglobal.com\/?p=145081","title":{"rendered":"Advierten por presencia de lluvia y neblina en varias autopistas de Veracruz"},"content":{"rendered":"\n<div class=\"twitterbutton\" style=\"float: right; padding-left: 5px;\"><a href=\"http:\/\/twitter.com\/share\" class=\"twitter-share-button\" data-count=\"horizontal\" data-text=\"Advierten por presencia de lluvia y neblina en varias autopistas de Veracruz\" data-via=\"https:\/\/twitter.com\/VertienteGloba1\" data-url=\"http:\/\/vertienteglobal.com\/?p=145081\" data-lang=\"es\" data-related=\"Informaci\u00f3n general:S\u00edguenos para que est\u00e9ss informado\"><\/a><\/div>\n<figure class=\"wp-block-image size-large\"><img loading=\"lazy\" decoding=\"async\" width=\"600\" height=\"352\" src=\"http:\/\/vertienteglobal.com\/wp-content\/uploads\/2019\/11\/Advierten-por-presencia-de-lluvia-y-neblina-en-varias-autopistas-de-Veracruz.jpg\" alt=\"\" class=\"wp-image-145082\" srcset=\"http:\/\/vertienteglobal.com\/wp-content\/uploads\/2019\/11\/Advierten-por-presencia-de-lluvia-y-neblina-en-varias-autopistas-de-Veracruz.jpg 600w, http:\/\/vertienteglobal.com\/wp-content\/uploads\/2019\/11\/Advierten-por-presencia-de-lluvia-y-neblina-en-varias-autopistas-de-Veracruz-300x176.jpg 300w, http:\/\/vertienteglobal.com\/wp-content\/uploads\/2019\/11\/Advierten-por-presencia-de-lluvia-y-neblina-en-varias-autopistas-de-Veracruz-150x88.jpg 150w\" sizes=\"auto, (max-width: 600px) 100vw, 600px\" \/><\/figure>\n\n\n\n<p><strong>[Redacci\u00f3n]<\/strong><\/p>\n\n\n\n<p><strong><em>El\norganismo exhort\u00f3 a los automovilistas disminuir la velocidad y manejar con\nprecauci\u00f3n<\/em><\/strong><\/p>\n\n\n\n<p>Ciudad\nde M\u00e9xico.- Caminos y Puentes Federales de Ingresos y Servicios Conexos\n(Capufe) inform\u00f3 que varias autopistas federales del pa\u00eds, entre las que\ndestacan Agua Dulce-C\u00e1rdenas, Las Choapas-Ocozocuautla y Cd. Mendoza-Acatzingo,\nen Veracruz, mantienen presencia de lluvia y neblina este mi\u00e9rcoles.<\/p>\n\n\n\n<p>El\norganismo exhort\u00f3 a los automovilistas disminuir la velocidad y manejar con\nprecauci\u00f3n.<\/p>\n\n\n\n<p>A\ntrav\u00e9s de su cuenta en Twitter @CAPUFE report\u00f3: \u201cAut. Cuernavaca &#8211; Acapulco\nregistra lluvia del km 224 al 365. Disminuya su velocidad y maneje con\nprecauci\u00f3n\u201d.<\/p>\n\n\n\n<p>Tambi\u00e9n\nhay presencia de lluvia sobre las autopistas Tehuantepec-La Ventosa, Agua\nDulce-C\u00e1rdenas y Las Choapas-Ocozocuautla, Torre\u00f3n-Saltillo.<\/p>\n\n\n\n<p>Por\nsu parte, la Autopista La Carbonera-Puerto M\u00e9xico registra neblina, lo mismo\nque la Autopista Cd. Mendoza-Acatzingo, en la zona de las Cumbres de Maltrata.<\/p>\n","protected":false},"excerpt":{"rendered":"<p>[Redacci\u00f3n] El organismo exhort\u00f3 a los automovilistas disminuir la velocidad y manejar con precauci\u00f3n Ciudad de M\u00e9xico.- Caminos y Puentes Federales de Ingresos y Servicios Conexos (Capufe) inform\u00f3 que varias autopistas federales del pa\u00eds, entre las que destacan Agua Dulce-C\u00e1rdenas, Las Choapas-Ocozocuautla y Cd. Mendoza-Acatzingo, en Veracruz, mantienen presencia de lluvia y neblina este mi\u00e9rcoles. [&hellip;]<\/p>\n","protected":false},"author":1,"featured_media":145082,"comment_status":"open","ping_status":"open","sticky":false,"template":"","format":"standard","meta":{"footnotes":""},"categories":[8,7],"tags":[],"class_list":["post-145081","post","type-post","status-publish","format-standard","has-post-thumbnail","hentry","category-pais","category-veracruz","entry","has-media"],"jetpack_featured_media_url":"http:\/\/vertienteglobal.com\/wp-content\/uploads\/2019\/11\/Advierten-por-presencia-de-lluvia-y-neblina-en-varias-autopistas-de-Veracruz.jpg","_links":{"self":[{"href":"http:\/\/vertienteglobal.com\/index.php?rest_route=\/wp\/v2\/posts\/145081","targetHints":{"allow":["GET"]}}],"collection":[{"href":"http:\/\/vertienteglobal.com\/index.php?rest_route=\/wp\/v2\/posts"}],"about":[{"href":"http:\/\/vertienteglobal.com\/index.php?rest_route=\/wp\/v2\/types\/post"}],"author":[{"embeddable":true,"href":"http:\/\/vertienteglobal.com\/index.php?rest_route=\/wp\/v2\/users\/1"}],"replies":[{"embeddable":true,"href":"http:\/\/vertienteglobal.com\/index.php?rest_route=%2Fwp%2Fv2%2Fcomments&post=145081"}],"version-history":[{"count":0,"href":"http:\/\/vertienteglobal.com\/index.php?rest_route=\/wp\/v2\/posts\/145081\/revisions"}],"wp:featuredmedia":[{"embeddable":true,"href":"http:\/\/vertienteglobal.com\/index.php?rest_route=\/wp\/v2\/media\/145082"}],"wp:attachment":[{"href":"http:\/\/vertienteglobal.com\/index.php?rest_route=%2Fwp%2Fv2%2Fmedia&parent=145081"}],"wp:term":[{"taxonomy":"category","embeddable":true,"href":"http:\/\/vertienteglobal.com\/index.php?rest_route=%2Fwp%2Fv2%2Fcategories&post=145081"},{"taxonomy":"post_tag","embeddable":true,"href":"http:\/\/vertienteglobal.com\/index.php?rest_route=%2Fwp%2Fv2%2Ftags&post=145081"}],"curies":[{"name":"wp","href":"https:\/\/api.w.org\/{rel}","templated":true}]}}