{"id":144507,"date":"2019-10-28T19:49:27","date_gmt":"2019-10-29T01:49:27","guid":{"rendered":"http:\/\/vertienteglobal.com\/?p=144507"},"modified":"2019-10-29T00:25:35","modified_gmt":"2019-10-29T06:25:35","slug":"el-senado-elegira-este-martes-la-terna-a-que-presidira-la-cndh","status":"publish","type":"post","link":"http:\/\/vertienteglobal.com\/?p=144507","title":{"rendered":"El Senado elegir\u00e1 este martes la terna a que presidir\u00e1 la CNDH"},"content":{"rendered":"\n<div class=\"twitterbutton\" style=\"float: right; padding-left: 5px;\"><a href=\"http:\/\/twitter.com\/share\" class=\"twitter-share-button\" data-count=\"horizontal\" data-text=\"El Senado elegir\u00e1 este martes la terna a que presidir\u00e1 la CNDH\" data-via=\"https:\/\/twitter.com\/VertienteGloba1\" data-url=\"http:\/\/vertienteglobal.com\/?p=144507\" data-lang=\"es\" data-related=\"Informaci\u00f3n general:S\u00edguenos para que est\u00e9ss informado\"><\/a><\/div>\n<figure class=\"wp-block-image\"><img loading=\"lazy\" decoding=\"async\" width=\"600\" height=\"368\" src=\"http:\/\/vertienteglobal.com\/wp-content\/uploads\/2019\/10\/camara-senadores.jpg\" alt=\"\" class=\"wp-image-144508\" srcset=\"http:\/\/vertienteglobal.com\/wp-content\/uploads\/2019\/10\/camara-senadores.jpg 600w, http:\/\/vertienteglobal.com\/wp-content\/uploads\/2019\/10\/camara-senadores-150x92.jpg 150w, http:\/\/vertienteglobal.com\/wp-content\/uploads\/2019\/10\/camara-senadores-300x184.jpg 300w\" sizes=\"auto, (max-width: 600px) 100vw, 600px\" \/><\/figure>\n\n\n\n<p> [Redacci\u00f3n]<br> El Senado registr\u00f3 a 57 candidatos a presidir la CNDH, con lo cual es el primer a\u00f1o en que se anotan tantos aspirantes; de entre ellos saldr\u00e1 la terna que propondr\u00e1n las comisiones unidas<br> Ciudad de M\u00e9xico.- Con el prop\u00f3sito de decidir el nombre de la o el sucesor de Luis Ra\u00fal Gonz\u00e1lez P\u00e9rez a m\u00e1s tardar el 31 de noviembre, las comisiones unidas de Derechos Humanos y de Justicia del Senado elegir\u00e1n este martes a la terna para la presidencia de la Comisi\u00f3n Nacional de Derechos Humanos (CNDH), inform\u00f3 Kenia L\u00f3pez Rabad\u00e1n, presidente de la Comisi\u00f3n de Derechos Humanos del Senado.<br> La legisladora federal record\u00f3, de igual manera, que una vez definida la terna por las comisiones unidas, el Pleno del Senado deber\u00e1 votar por alguno de ellos; ser\u00e1 presidenta o presidente de la CNDH la persona que logre el voto de las dos terceras partes de los legisladores federales presentes en la sesi\u00f3n.<br> El Senado registr\u00f3 a 57 candidatos a presidir la CNDH, con lo cual es el primer a\u00f1o en que se anotan tantos aspirantes; de entre ellos saldr\u00e1 la terna que propondr\u00e1n las comisiones unidas.<\/p>\n","protected":false},"excerpt":{"rendered":"<p>[Redacci\u00f3n] El Senado registr\u00f3 a 57 candidatos a presidir la CNDH, con lo cual es el primer a\u00f1o en que se anotan tantos aspirantes; de entre ellos saldr\u00e1 la terna que propondr\u00e1n las comisiones unidas Ciudad de M\u00e9xico.- Con el prop\u00f3sito de decidir el nombre de la o el sucesor de Luis Ra\u00fal Gonz\u00e1lez P\u00e9rez [&hellip;]<\/p>\n","protected":false},"author":1,"featured_media":144508,"comment_status":"open","ping_status":"open","sticky":false,"template":"","format":"standard","meta":{"footnotes":""},"categories":[8],"tags":[],"class_list":["post-144507","post","type-post","status-publish","format-standard","has-post-thumbnail","hentry","category-pais","entry","has-media"],"jetpack_featured_media_url":"http:\/\/vertienteglobal.com\/wp-content\/uploads\/2019\/10\/camara-senadores.jpg","_links":{"self":[{"href":"http:\/\/vertienteglobal.com\/index.php?rest_route=\/wp\/v2\/posts\/144507","targetHints":{"allow":["GET"]}}],"collection":[{"href":"http:\/\/vertienteglobal.com\/index.php?rest_route=\/wp\/v2\/posts"}],"about":[{"href":"http:\/\/vertienteglobal.com\/index.php?rest_route=\/wp\/v2\/types\/post"}],"author":[{"embeddable":true,"href":"http:\/\/vertienteglobal.com\/index.php?rest_route=\/wp\/v2\/users\/1"}],"replies":[{"embeddable":true,"href":"http:\/\/vertienteglobal.com\/index.php?rest_route=%2Fwp%2Fv2%2Fcomments&post=144507"}],"version-history":[{"count":0,"href":"http:\/\/vertienteglobal.com\/index.php?rest_route=\/wp\/v2\/posts\/144507\/revisions"}],"wp:featuredmedia":[{"embeddable":true,"href":"http:\/\/vertienteglobal.com\/index.php?rest_route=\/wp\/v2\/media\/144508"}],"wp:attachment":[{"href":"http:\/\/vertienteglobal.com\/index.php?rest_route=%2Fwp%2Fv2%2Fmedia&parent=144507"}],"wp:term":[{"taxonomy":"category","embeddable":true,"href":"http:\/\/vertienteglobal.com\/index.php?rest_route=%2Fwp%2Fv2%2Fcategories&post=144507"},{"taxonomy":"post_tag","embeddable":true,"href":"http:\/\/vertienteglobal.com\/index.php?rest_route=%2Fwp%2Fv2%2Ftags&post=144507"}],"curies":[{"name":"wp","href":"https:\/\/api.w.org\/{rel}","templated":true}]}}