{"id":144417,"date":"2019-10-26T15:39:06","date_gmt":"2019-10-26T20:39:06","guid":{"rendered":"http:\/\/vertienteglobal.com\/?p=144417"},"modified":"2019-10-27T22:34:39","modified_gmt":"2019-10-28T04:34:39","slug":"se-cubre-de-cempasuchil-el-zocalo-de-veracruz","status":"publish","type":"post","link":"http:\/\/vertienteglobal.com\/?p=144417","title":{"rendered":"Se cubre de cempas\u00fachil el z\u00f3calo de Veracruz"},"content":{"rendered":"\n<div class=\"twitterbutton\" style=\"float: right; padding-left: 5px;\"><a href=\"http:\/\/twitter.com\/share\" class=\"twitter-share-button\" data-count=\"horizontal\" data-text=\"Se cubre de cempas\u00fachil el z\u00f3calo de Veracruz\" data-via=\"https:\/\/twitter.com\/VertienteGloba1\" data-url=\"http:\/\/vertienteglobal.com\/?p=144417\" data-lang=\"es\" data-related=\"Informaci\u00f3n general:S\u00edguenos para que est\u00e9ss informado\"><\/a><\/div>\n<figure class=\"wp-block-image\"><img loading=\"lazy\" decoding=\"async\" width=\"600\" height=\"348\" src=\"http:\/\/vertienteglobal.com\/wp-content\/uploads\/2019\/10\/cempas\u00fachil-el-z\u00f3calo-de-Veracruz001.jpg\" alt=\"\" class=\"wp-image-144418\" srcset=\"http:\/\/vertienteglobal.com\/wp-content\/uploads\/2019\/10\/cempas\u00fachil-el-z\u00f3calo-de-Veracruz001.jpg 600w, http:\/\/vertienteglobal.com\/wp-content\/uploads\/2019\/10\/cempas\u00fachil-el-z\u00f3calo-de-Veracruz001-150x87.jpg 150w, http:\/\/vertienteglobal.com\/wp-content\/uploads\/2019\/10\/cempas\u00fachil-el-z\u00f3calo-de-Veracruz001-300x174.jpg 300w\" sizes=\"auto, (max-width: 600px) 100vw, 600px\" \/><\/figure>\n\n\n\n<p> [Redacci\u00f3n]<br> Los \u00e1rboles que cobijan el z\u00f3calo tambi\u00e9n fueron decorados con macetas de la colorida flor de muerto<br> Veracruz, Veracruz.- El z\u00f3calo de Veracruz amaneci\u00f3 con las jardineras cubiertas de flores de muerto en dos tonalidades de amarillo.<br> Cientos de flores de cempas\u00fachil, algunas amarillo canario, otras amarillo intenso como los rayos del sol, dan el colorido y aroma al z\u00f3calo en el  marco de D\u00eda de Muertos.<br> Los \u00e1rboles que cobijan el z\u00f3calo tambi\u00e9n fueron decorados con macetas de la colorida flor de muerto.<\/p>\n","protected":false},"excerpt":{"rendered":"<p>[Redacci\u00f3n] Los \u00e1rboles que cobijan el z\u00f3calo tambi\u00e9n fueron decorados con macetas de la colorida flor de muerto Veracruz, Veracruz.- El z\u00f3calo de Veracruz amaneci\u00f3 con las jardineras cubiertas de flores de muerto en dos tonalidades de amarillo. Cientos de flores de cempas\u00fachil, algunas amarillo canario, otras amarillo intenso como los rayos del sol, dan [&hellip;]<\/p>\n","protected":false},"author":1,"featured_media":144418,"comment_status":"open","ping_status":"open","sticky":false,"template":"","format":"standard","meta":{"footnotes":""},"categories":[7],"tags":[],"class_list":["post-144417","post","type-post","status-publish","format-standard","has-post-thumbnail","hentry","category-veracruz","entry","has-media"],"jetpack_featured_media_url":"http:\/\/vertienteglobal.com\/wp-content\/uploads\/2019\/10\/cempas\u00fachil-el-z\u00f3calo-de-Veracruz001.jpg","_links":{"self":[{"href":"http:\/\/vertienteglobal.com\/index.php?rest_route=\/wp\/v2\/posts\/144417","targetHints":{"allow":["GET"]}}],"collection":[{"href":"http:\/\/vertienteglobal.com\/index.php?rest_route=\/wp\/v2\/posts"}],"about":[{"href":"http:\/\/vertienteglobal.com\/index.php?rest_route=\/wp\/v2\/types\/post"}],"author":[{"embeddable":true,"href":"http:\/\/vertienteglobal.com\/index.php?rest_route=\/wp\/v2\/users\/1"}],"replies":[{"embeddable":true,"href":"http:\/\/vertienteglobal.com\/index.php?rest_route=%2Fwp%2Fv2%2Fcomments&post=144417"}],"version-history":[{"count":0,"href":"http:\/\/vertienteglobal.com\/index.php?rest_route=\/wp\/v2\/posts\/144417\/revisions"}],"wp:featuredmedia":[{"embeddable":true,"href":"http:\/\/vertienteglobal.com\/index.php?rest_route=\/wp\/v2\/media\/144418"}],"wp:attachment":[{"href":"http:\/\/vertienteglobal.com\/index.php?rest_route=%2Fwp%2Fv2%2Fmedia&parent=144417"}],"wp:term":[{"taxonomy":"category","embeddable":true,"href":"http:\/\/vertienteglobal.com\/index.php?rest_route=%2Fwp%2Fv2%2Fcategories&post=144417"},{"taxonomy":"post_tag","embeddable":true,"href":"http:\/\/vertienteglobal.com\/index.php?rest_route=%2Fwp%2Fv2%2Ftags&post=144417"}],"curies":[{"name":"wp","href":"https:\/\/api.w.org\/{rel}","templated":true}]}}