{"id":144397,"date":"2019-10-25T21:31:32","date_gmt":"2019-10-26T02:31:32","guid":{"rendered":"http:\/\/vertienteglobal.com\/?p=144397"},"modified":"2019-10-27T21:35:42","modified_gmt":"2019-10-28T03:35:42","slug":"antes-de-finalizar-el-ano-la-legalizacion-de-la-marihuana-podria-ser-una-realidad-miguel-angel-mancera","status":"publish","type":"post","link":"http:\/\/vertienteglobal.com\/?p=144397","title":{"rendered":"Antes de finalizar el a\u00f1o la legalizaci\u00f3n de la marihuana podr\u00eda ser una realidad: Miguel \u00c1ngel Mancera"},"content":{"rendered":"\n<div class=\"twitterbutton\" style=\"float: right; padding-left: 5px;\"><a href=\"http:\/\/twitter.com\/share\" class=\"twitter-share-button\" data-count=\"horizontal\" data-text=\"Antes de finalizar el a\u00f1o la legalizaci\u00f3n de la marihuana podr\u00eda ser una real...\" data-via=\"https:\/\/twitter.com\/VertienteGloba1\" data-url=\"http:\/\/vertienteglobal.com\/?p=144397\" data-lang=\"es\" data-related=\"Informaci\u00f3n general:S\u00edguenos para que est\u00e9ss informado\"><\/a><\/div>\n<figure class=\"wp-block-image\"><img loading=\"lazy\" decoding=\"async\" width=\"600\" height=\"349\" src=\"http:\/\/vertienteglobal.com\/wp-content\/uploads\/2019\/10\/Miguel-\u00c1ngel-Mancera.jpg\" alt=\"\" class=\"wp-image-144398\" srcset=\"http:\/\/vertienteglobal.com\/wp-content\/uploads\/2019\/10\/Miguel-\u00c1ngel-Mancera.jpg 600w, http:\/\/vertienteglobal.com\/wp-content\/uploads\/2019\/10\/Miguel-\u00c1ngel-Mancera-150x87.jpg 150w, http:\/\/vertienteglobal.com\/wp-content\/uploads\/2019\/10\/Miguel-\u00c1ngel-Mancera-300x175.jpg 300w\" sizes=\"auto, (max-width: 600px) 100vw, 600px\" \/><\/figure>\n\n\n\n<p> [Redacci\u00f3n] <br> El documento al que se le ven mayores posibilidades es una compilaci\u00f3n de propuestas de las diferentes bancadas y actores pol\u00edticos que pretende hacer legal el uso recreativo de la Cannabis<br> Boca del R\u00edo, Veracruz.- El coordinador de la bancada del PRD en el Senado de la Rep\u00fablica, Miguel \u00c1ngel Mancera, afirm\u00f3 que antes de finalizar el periodo ordinario de sesiones, que concluye en diciembre, podr\u00eda legalizarse la marihuana.<br> Y es que el ex jefe de gobierno de la Ciudad de M\u00e9xico fue entrevistado en el marco del primer informe de labores que rindi\u00f3 su hom\u00f3logo del PAN, Julen Rementer\u00eda, en un hotel de la ciudad, donde explic\u00f3 que actualmente hay dos dict\u00e1menes que se discuten, una en la comisi\u00f3n de Salud y otra en la de Justicia, la segunda de ellas es la que lleva m\u00e1s avances.<br> \u201cLa pr\u00f3xima semana vamos a empezar a avanzar del de Justicia que es el m\u00e1s avanzado y en d\u00f3nde tenemos mayores coincidencias; sin embargo hay que escuchar a la sociedad civil quienes han manifestado que no est\u00e1 completo\u201d.<br> El documento al que se le ven mayores posibilidades es una compilaci\u00f3n de propuestas de las diferentes bancadas y actores pol\u00edticos que pretende hacer legal el uso recreativo de la Cannabis.<\/p>\n","protected":false},"excerpt":{"rendered":"<p>[Redacci\u00f3n] El documento al que se le ven mayores posibilidades es una compilaci\u00f3n de propuestas de las diferentes bancadas y actores pol\u00edticos que pretende hacer legal el uso recreativo de la Cannabis Boca del R\u00edo, Veracruz.- El coordinador de la bancada del PRD en el Senado de la Rep\u00fablica, Miguel \u00c1ngel Mancera, afirm\u00f3 que antes [&hellip;]<\/p>\n","protected":false},"author":1,"featured_media":144398,"comment_status":"open","ping_status":"open","sticky":false,"template":"","format":"standard","meta":{"footnotes":""},"categories":[7],"tags":[],"class_list":["post-144397","post","type-post","status-publish","format-standard","has-post-thumbnail","hentry","category-veracruz","entry","has-media"],"jetpack_featured_media_url":"http:\/\/vertienteglobal.com\/wp-content\/uploads\/2019\/10\/Miguel-\u00c1ngel-Mancera.jpg","_links":{"self":[{"href":"http:\/\/vertienteglobal.com\/index.php?rest_route=\/wp\/v2\/posts\/144397","targetHints":{"allow":["GET"]}}],"collection":[{"href":"http:\/\/vertienteglobal.com\/index.php?rest_route=\/wp\/v2\/posts"}],"about":[{"href":"http:\/\/vertienteglobal.com\/index.php?rest_route=\/wp\/v2\/types\/post"}],"author":[{"embeddable":true,"href":"http:\/\/vertienteglobal.com\/index.php?rest_route=\/wp\/v2\/users\/1"}],"replies":[{"embeddable":true,"href":"http:\/\/vertienteglobal.com\/index.php?rest_route=%2Fwp%2Fv2%2Fcomments&post=144397"}],"version-history":[{"count":0,"href":"http:\/\/vertienteglobal.com\/index.php?rest_route=\/wp\/v2\/posts\/144397\/revisions"}],"wp:featuredmedia":[{"embeddable":true,"href":"http:\/\/vertienteglobal.com\/index.php?rest_route=\/wp\/v2\/media\/144398"}],"wp:attachment":[{"href":"http:\/\/vertienteglobal.com\/index.php?rest_route=%2Fwp%2Fv2%2Fmedia&parent=144397"}],"wp:term":[{"taxonomy":"category","embeddable":true,"href":"http:\/\/vertienteglobal.com\/index.php?rest_route=%2Fwp%2Fv2%2Fcategories&post=144397"},{"taxonomy":"post_tag","embeddable":true,"href":"http:\/\/vertienteglobal.com\/index.php?rest_route=%2Fwp%2Fv2%2Ftags&post=144397"}],"curies":[{"name":"wp","href":"https:\/\/api.w.org\/{rel}","templated":true}]}}