{"id":144246,"date":"2019-10-21T12:50:40","date_gmt":"2019-10-21T17:50:40","guid":{"rendered":"http:\/\/vertienteglobal.com\/?p=144246"},"modified":"2019-10-21T17:19:40","modified_gmt":"2019-10-21T22:19:40","slug":"presenta-gobierno-de-tabasco-denuncia-penal-contra-delegada-de-liconsa-por-condicionar-el-acceso-a-programas-sociales","status":"publish","type":"post","link":"http:\/\/vertienteglobal.com\/?p=144246","title":{"rendered":"Presenta Gobierno de Tabasco, denuncia penal contra delegada de Liconsa por condicionar el acceso a programas sociales"},"content":{"rendered":"\n<div class=\"twitterbutton\" style=\"float: right; padding-left: 5px;\"><a href=\"http:\/\/twitter.com\/share\" class=\"twitter-share-button\" data-count=\"horizontal\" data-text=\"Presenta Gobierno de Tabasco, denuncia penal contra delegada de Liconsa por cond...\" data-via=\"https:\/\/twitter.com\/VertienteGloba1\" data-url=\"http:\/\/vertienteglobal.com\/?p=144246\" data-lang=\"es\" data-related=\"Informaci\u00f3n general:S\u00edguenos para que est\u00e9ss informado\"><\/a><\/div>\n<figure class=\"wp-block-image\"><img loading=\"lazy\" decoding=\"async\" width=\"680\" height=\"346\" src=\"http:\/\/vertienteglobal.com\/wp-content\/uploads\/2019\/10\/Asuntos-Jur\u00eddicos.jpeg\" alt=\"\" class=\"wp-image-144247\" srcset=\"http:\/\/vertienteglobal.com\/wp-content\/uploads\/2019\/10\/Asuntos-Jur\u00eddicos.jpeg 680w, http:\/\/vertienteglobal.com\/wp-content\/uploads\/2019\/10\/Asuntos-Jur\u00eddicos-150x76.jpeg 150w, http:\/\/vertienteglobal.com\/wp-content\/uploads\/2019\/10\/Asuntos-Jur\u00eddicos-300x153.jpeg 300w\" sizes=\"auto, (max-width: 680px) 100vw, 680px\" \/><\/figure>\n\n\n\n<p> [Redacci\u00f3n] <br> Se pidi\u00f3 al titular de Segalmex, de forma respetuosa, pero en\u00e9rgica y leg\u00edtima el cese inmediato de la delegada federal<br> Villahmosa, Tabasco.- El titular de la Coordinaci\u00f3n General de Asuntos Jur\u00eddicos, present\u00f3 una denuncia penal ante la Fiscal\u00eda General del Estado, en contra de Edith Villarreal Ugarte y otras personas entre las que destaca H\u00e9ctor Ra\u00fal Cabrera Pascacio<br> A temprana hora de este d\u00eda el coordinador general de Asuntos Jur\u00eddicos del Gobierno del Estado, Guillermo del Rivero Le\u00f3n, present\u00f3 una denuncia penal ante el vicefiscal de Delitos Comunes de la Fiscal\u00eda General del Estado (FGE), Nicol\u00e1s Bautista Ovando, en contra de la delegada de Liconsa en Tabasco, Edith Villarreal Ugarte y otros actores pol\u00edticos, entre los que destaca H\u00e9ctor Ra\u00fal Cabrera Pascacio; debido a que de manera ilegal condicionan el acceso a los programas sociales a cambio de beneficios electorales.<br> \u201cPor indicaciones del gobernador Ad\u00e1n Augusto L\u00f3pez Hern\u00e1ndez, hemos presentado una denuncia penal en contra de la delegada de Liconsa en el Estado, Edith Villarreal y otros actores pol\u00edticos, como H\u00e9ctor Ra\u00fal Cabrera Pascacio, ya que est\u00e1n condicionando el acceso a los programas sociales, a cambio de beneficios electorales, aprovech\u00e1ndose de la vulnerabilidad de las personas, lo que nosotros consideramos como un crimen electoral\u201d, advirti\u00f3.<br> Inform\u00f3 que lo que empez\u00f3 como indicios, se convirtieron en pruebas, tales como videos y audios, mismos que dan muestra de esa ilegalidad.<br> En entrevista, hizo un llamado respetuoso, pero en\u00e9rgico y leg\u00edtimo, al titular de Seguridad Alimentaria Mexicana (Segalmex), Ignacio Ovalle Fern\u00e1ndez, para que cese de manera inmediata a la delegada de Liconsa en Tabasco, Edith Villarreal Ugarte.<br> \u201cEstos personajes no conocen otra forma de hacer pol\u00edtica, \u00abno entienden que no entienden\u00bb pero no por eso vamos a dejar de denunciar estas pr\u00e1cticas ilegales, donde insisto, se aprovechan de la vulnerabilidad de las personas\u201d, afirm\u00f3 al se\u00f1alar que hasta el momento han encontrado irregularidades en los municipios de Centro y Teapa.   <br> El funcionario estatal expres\u00f3 que luego de presentar la denuncia corresponder\u00e1 a la Fiscal\u00eda General del Estado realizar la investigaci\u00f3n conducente, dado que se tiene la certeza de que Edith Villarreal en complicidad con m\u00e1s personas de Liconsa, est\u00e1n haciendo un aut\u00e9ntico proselitismo pol\u00edtico. <br> Detall\u00f3 que dentro de las personas involucradas, se encuentran exfuncionarios de lo que era la delegaci\u00f3n de la Secretar\u00eda de Desarrollo Social (Sedesol).<br> El coordinador general de Asuntos Jur\u00eddicos record\u00f3 que la actual administraci\u00f3n del Gobierno Federal present\u00f3 una reforma constitucional, en la que el uso de programas sociales con tintes pol\u00edticos, ya se considera como un delito grave, dado que amerita pena de prisi\u00f3n preventiva de manera oficiosa. \u201cPor eso estamos pidiendo nosotros la prisi\u00f3n preventiva oficiosa de los involucrados\u201d, puntualiz\u00f3.<br> Adelant\u00f3 que tambi\u00e9n se presentar\u00e1 la denuncia ante la Secretar\u00eda de la Funci\u00f3n P\u00fablica del Gobierno Federal para que tambi\u00e9n investigue en el \u00e1mbito de su competencia el actuar de la delegada de Liconsa en Tabasco.<\/p>\n","protected":false},"excerpt":{"rendered":"<p>[Redacci\u00f3n] Se pidi\u00f3 al titular de Segalmex, de forma respetuosa, pero en\u00e9rgica y leg\u00edtima el cese inmediato de la delegada federal Villahmosa, Tabasco.- El titular de la Coordinaci\u00f3n General de Asuntos Jur\u00eddicos, present\u00f3 una denuncia penal ante la Fiscal\u00eda General del Estado, en contra de Edith Villarreal Ugarte y otras personas entre las que destaca [&hellip;]<\/p>\n","protected":false},"author":1,"featured_media":144247,"comment_status":"open","ping_status":"open","sticky":false,"template":"","format":"standard","meta":{"footnotes":""},"categories":[5],"tags":[],"class_list":["post-144246","post","type-post","status-publish","format-standard","has-post-thumbnail","hentry","category-tabasco","entry","has-media"],"jetpack_featured_media_url":"http:\/\/vertienteglobal.com\/wp-content\/uploads\/2019\/10\/Asuntos-Jur\u00eddicos.jpeg","_links":{"self":[{"href":"http:\/\/vertienteglobal.com\/index.php?rest_route=\/wp\/v2\/posts\/144246","targetHints":{"allow":["GET"]}}],"collection":[{"href":"http:\/\/vertienteglobal.com\/index.php?rest_route=\/wp\/v2\/posts"}],"about":[{"href":"http:\/\/vertienteglobal.com\/index.php?rest_route=\/wp\/v2\/types\/post"}],"author":[{"embeddable":true,"href":"http:\/\/vertienteglobal.com\/index.php?rest_route=\/wp\/v2\/users\/1"}],"replies":[{"embeddable":true,"href":"http:\/\/vertienteglobal.com\/index.php?rest_route=%2Fwp%2Fv2%2Fcomments&post=144246"}],"version-history":[{"count":0,"href":"http:\/\/vertienteglobal.com\/index.php?rest_route=\/wp\/v2\/posts\/144246\/revisions"}],"wp:featuredmedia":[{"embeddable":true,"href":"http:\/\/vertienteglobal.com\/index.php?rest_route=\/wp\/v2\/media\/144247"}],"wp:attachment":[{"href":"http:\/\/vertienteglobal.com\/index.php?rest_route=%2Fwp%2Fv2%2Fmedia&parent=144246"}],"wp:term":[{"taxonomy":"category","embeddable":true,"href":"http:\/\/vertienteglobal.com\/index.php?rest_route=%2Fwp%2Fv2%2Fcategories&post=144246"},{"taxonomy":"post_tag","embeddable":true,"href":"http:\/\/vertienteglobal.com\/index.php?rest_route=%2Fwp%2Fv2%2Ftags&post=144246"}],"curies":[{"name":"wp","href":"https:\/\/api.w.org\/{rel}","templated":true}]}}