{"id":143997,"date":"2019-10-17T22:34:06","date_gmt":"2019-10-18T03:34:06","guid":{"rendered":"http:\/\/vertienteglobal.com\/?p=143997"},"modified":"2019-10-18T00:36:11","modified_gmt":"2019-10-18T05:36:11","slug":"carpetazo-a-desaparicion-de-poderes-en-guanajuato-tamaulipas-y-veracruz-senador","status":"publish","type":"post","link":"http:\/\/vertienteglobal.com\/?p=143997","title":{"rendered":"Carpetazo a desaparici\u00f3n de Poderes en Guanajuato, Tamaulipas y Veracruz: Senador"},"content":{"rendered":"\n<div class=\"twitterbutton\" style=\"float: right; padding-left: 5px;\"><a href=\"http:\/\/twitter.com\/share\" class=\"twitter-share-button\" data-count=\"horizontal\" data-text=\"Carpetazo a desaparici\u00f3n de Poderes en Guanajuato, Tamaulipas y Veracruz: Senad...\" data-via=\"https:\/\/twitter.com\/VertienteGloba1\" data-url=\"http:\/\/vertienteglobal.com\/?p=143997\" data-lang=\"es\" data-related=\"Informaci\u00f3n general:S\u00edguenos para que est\u00e9ss informado\"><\/a><\/div>\n<figure class=\"wp-block-image\"><img loading=\"lazy\" decoding=\"async\" width=\"600\" height=\"355\" src=\"http:\/\/vertienteglobal.com\/wp-content\/uploads\/2019\/10\/Senado-da-carpetazo-a-desaparici\u00f3n-de-Poderes.jpg\" alt=\"\" class=\"wp-image-143998\" srcset=\"http:\/\/vertienteglobal.com\/wp-content\/uploads\/2019\/10\/Senado-da-carpetazo-a-desaparici\u00f3n-de-Poderes.jpg 600w, http:\/\/vertienteglobal.com\/wp-content\/uploads\/2019\/10\/Senado-da-carpetazo-a-desaparici\u00f3n-de-Poderes-150x89.jpg 150w, http:\/\/vertienteglobal.com\/wp-content\/uploads\/2019\/10\/Senado-da-carpetazo-a-desaparici\u00f3n-de-Poderes-300x178.jpg 300w\" sizes=\"auto, (max-width: 600px) 100vw, 600px\" \/><\/figure>\n\n\n\n<p> [Redacci\u00f3n]<br> El morenista Crist\u00f3bal Arias, en donde se asienta que el Senado, con absoluto apego al respeto del Pacto Federal y la salvaguarda de la autonom\u00eda de las entidades federativas en los asuntos inherentes a su vida interior, determina la improcedencia de las solicitudes de desaparici\u00f3n de Poderes y, llegado el caso, nombrar un gobernador provisional<br> Ciudad de M\u00e9xico.- Este jueves se le dio carpetazo en el Senado a las solicitudes de desaparici\u00f3n de poderes en Guanajuato, Tamaulipas y Veracruz presentadas por las bancadas de Morena y del PAN, al considerarlos asuntos total y definitivamente concluidos.<br> El pleno aval\u00f3 el dictamen de la Comisi\u00f3n de Gobernaci\u00f3n que preside el morenista Crist\u00f3bal Arias, en donde se asienta que el Senado, con absoluto apego al respeto del Pacto Federal y la salvaguarda de la autonom\u00eda de las entidades federativas en los asuntos inherentes a su vida interior, determina la improcedencia de las solicitudes de desaparici\u00f3n de Poderes y, llegado el caso, nombrar un gobernador provisional.<br> En tanto, el morenista Mart\u00ed Batres record\u00f3 que desde el primero momento dej\u00f3 en claro que no proced\u00eda la desaparici\u00f3n de Poderes en los tres estados, pues si bien existen problem\u00e1ticas ah\u00ed, hay otras entidades que tambi\u00e9n enfrentan problemas de seguridad p\u00fablica y lo que debe prevalecer es la colaboraci\u00f3n entre los diversos niveles de gobierno municipales, estatales y federal, as\u00ed como entre las diversas fuerzas pol\u00edticas.<\/p>\n","protected":false},"excerpt":{"rendered":"<p>[Redacci\u00f3n] El morenista Crist\u00f3bal Arias, en donde se asienta que el Senado, con absoluto apego al respeto del Pacto Federal y la salvaguarda de la autonom\u00eda de las entidades federativas en los asuntos inherentes a su vida interior, determina la improcedencia de las solicitudes de desaparici\u00f3n de Poderes y, llegado el caso, nombrar un gobernador [&hellip;]<\/p>\n","protected":false},"author":1,"featured_media":143998,"comment_status":"open","ping_status":"open","sticky":false,"template":"","format":"standard","meta":{"footnotes":""},"categories":[9],"tags":[],"class_list":["post-143997","post","type-post","status-publish","format-standard","has-post-thumbnail","hentry","category-educacion","entry","has-media"],"jetpack_featured_media_url":"http:\/\/vertienteglobal.com\/wp-content\/uploads\/2019\/10\/Senado-da-carpetazo-a-desaparici\u00f3n-de-Poderes.jpg","_links":{"self":[{"href":"http:\/\/vertienteglobal.com\/index.php?rest_route=\/wp\/v2\/posts\/143997","targetHints":{"allow":["GET"]}}],"collection":[{"href":"http:\/\/vertienteglobal.com\/index.php?rest_route=\/wp\/v2\/posts"}],"about":[{"href":"http:\/\/vertienteglobal.com\/index.php?rest_route=\/wp\/v2\/types\/post"}],"author":[{"embeddable":true,"href":"http:\/\/vertienteglobal.com\/index.php?rest_route=\/wp\/v2\/users\/1"}],"replies":[{"embeddable":true,"href":"http:\/\/vertienteglobal.com\/index.php?rest_route=%2Fwp%2Fv2%2Fcomments&post=143997"}],"version-history":[{"count":0,"href":"http:\/\/vertienteglobal.com\/index.php?rest_route=\/wp\/v2\/posts\/143997\/revisions"}],"wp:featuredmedia":[{"embeddable":true,"href":"http:\/\/vertienteglobal.com\/index.php?rest_route=\/wp\/v2\/media\/143998"}],"wp:attachment":[{"href":"http:\/\/vertienteglobal.com\/index.php?rest_route=%2Fwp%2Fv2%2Fmedia&parent=143997"}],"wp:term":[{"taxonomy":"category","embeddable":true,"href":"http:\/\/vertienteglobal.com\/index.php?rest_route=%2Fwp%2Fv2%2Fcategories&post=143997"},{"taxonomy":"post_tag","embeddable":true,"href":"http:\/\/vertienteglobal.com\/index.php?rest_route=%2Fwp%2Fv2%2Ftags&post=143997"}],"curies":[{"name":"wp","href":"https:\/\/api.w.org\/{rel}","templated":true}]}}