{"id":143738,"date":"2019-10-13T19:38:26","date_gmt":"2019-10-14T00:38:26","guid":{"rendered":"http:\/\/vertienteglobal.com\/?p=143738"},"modified":"2019-10-14T00:21:17","modified_gmt":"2019-10-14T05:21:17","slug":"paseo-de-la-reforma-se-viste-de-cempasuchil-para-abrir-camino-a-los-difuntos","status":"publish","type":"post","link":"http:\/\/vertienteglobal.com\/?p=143738","title":{"rendered":"Paseo de la Reforma se viste de cempas\u00fachil para abrir camino a los difuntos"},"content":{"rendered":"\n<div class=\"twitterbutton\" style=\"float: right; padding-left: 5px;\"><a href=\"http:\/\/twitter.com\/share\" class=\"twitter-share-button\" data-count=\"horizontal\" data-text=\"Paseo de la Reforma se viste de cempas\u00fachil para abrir camino a los difuntos\" data-via=\"https:\/\/twitter.com\/VertienteGloba1\" data-url=\"http:\/\/vertienteglobal.com\/?p=143738\" data-lang=\"es\" data-related=\"Informaci\u00f3n general:S\u00edguenos para que est\u00e9ss informado\"><\/a><\/div>\n<figure class=\"wp-block-image\"><img loading=\"lazy\" decoding=\"async\" width=\"600\" height=\"337\" src=\"http:\/\/vertienteglobal.com\/wp-content\/uploads\/2019\/10\/Reforma-se-viste-de-cempas\u00fachil.jpg\" alt=\"\" class=\"wp-image-143739\" srcset=\"http:\/\/vertienteglobal.com\/wp-content\/uploads\/2019\/10\/Reforma-se-viste-de-cempas\u00fachil.jpg 600w, http:\/\/vertienteglobal.com\/wp-content\/uploads\/2019\/10\/Reforma-se-viste-de-cempas\u00fachil-150x84.jpg 150w, http:\/\/vertienteglobal.com\/wp-content\/uploads\/2019\/10\/Reforma-se-viste-de-cempas\u00fachil-300x169.jpg 300w\" sizes=\"auto, (max-width: 600px) 100vw, 600px\" \/><\/figure>\n\n\n\n<p> [Redacci\u00f3n]<br> Tambi\u00e9n en lugares estrat\u00e9gicos se colocaron bancas en las que en los extremos colocaron al Catr\u00edn y a la Catrina, que se dieron cita para invitar a los paseantes a sentarse con ellos para tomarse la foto del recuerdo<br> Ciudad de M\u00e9xico.- El camell\u00f3n de Paseo de la Reforma se visti\u00f3 de amarillo-naranja, color de la flor de cempas\u00fachil que, de acuerdo con la tradici\u00f3n mesoamericana, sus p\u00e9talos rociados en el camino gu\u00edan a los difuntos que vienen a la Tierra a visitar a los parientes a disfrutar de los alimentos y bebidas que sus deudos les preparan porque son los que m\u00e1s les gustaban.<br> El camell\u00f3n, que cuando los tonos de las flores reciben los rayos del Sol luce como una serpiente fosforescente que atraviesa de extremo a extremo la ciudad, muestra en ambos lados de las aceras 53 megacr\u00e1neos en colores vivos y brillantes a lo largo de la avenida.<br> Tambi\u00e9n en lugares estrat\u00e9gicos se colocaron bancas en las que en los extremos colocaron al Catr\u00edn y a la Catrina, que se dieron cita para invitar a los paseantes a sentarse con ellos para tomarse la foto del recuerdo.<br> Este domingo, sobre la avenida, ciclistas, patinadores, ni\u00f1os en triciclos, corredores y corredoras acompa\u00f1ados por sus perros deten\u00edan la marcha para observar la muestra titulada Mexicr\u00e1neos, que estar\u00e1 expuesta hasta el 8 de noviembre, fecha en que concluir\u00e1n los festejos por el D\u00eda de Muertos, que organiza el Gobierno de la Ciudad de M\u00e9xico.<br> Habr\u00e1 desfile internacional de catrinas, homenaje a Jos\u00e9 Jos\u00e9 en el Z\u00f3calo, y el d\u00eda 7 un concierto, y como homenaje a Miguel Le\u00f3n-Portilla, se interpretar\u00e1 m\u00fasica de Vivaldi cantada en n\u00e1huatl, mayo y en castellano antiguo.<br> As\u00ed, este domingo iniciaron las festividades de Muertos el 1 y 2 de noviembre; la capital del pa\u00eds espera contar con la visita de m\u00e1s de tres millones de turistas. (Fuente y foto: Notimex)<\/p>\n","protected":false},"excerpt":{"rendered":"<p>[Redacci\u00f3n] Tambi\u00e9n en lugares estrat\u00e9gicos se colocaron bancas en las que en los extremos colocaron al Catr\u00edn y a la Catrina, que se dieron cita para invitar a los paseantes a sentarse con ellos para tomarse la foto del recuerdo Ciudad de M\u00e9xico.- El camell\u00f3n de Paseo de la Reforma se visti\u00f3 de amarillo-naranja, color [&hellip;]<\/p>\n","protected":false},"author":1,"featured_media":143739,"comment_status":"open","ping_status":"open","sticky":false,"template":"","format":"standard","meta":{"footnotes":""},"categories":[8],"tags":[],"class_list":["post-143738","post","type-post","status-publish","format-standard","has-post-thumbnail","hentry","category-pais","entry","has-media"],"jetpack_featured_media_url":"http:\/\/vertienteglobal.com\/wp-content\/uploads\/2019\/10\/Reforma-se-viste-de-cempas\u00fachil.jpg","_links":{"self":[{"href":"http:\/\/vertienteglobal.com\/index.php?rest_route=\/wp\/v2\/posts\/143738","targetHints":{"allow":["GET"]}}],"collection":[{"href":"http:\/\/vertienteglobal.com\/index.php?rest_route=\/wp\/v2\/posts"}],"about":[{"href":"http:\/\/vertienteglobal.com\/index.php?rest_route=\/wp\/v2\/types\/post"}],"author":[{"embeddable":true,"href":"http:\/\/vertienteglobal.com\/index.php?rest_route=\/wp\/v2\/users\/1"}],"replies":[{"embeddable":true,"href":"http:\/\/vertienteglobal.com\/index.php?rest_route=%2Fwp%2Fv2%2Fcomments&post=143738"}],"version-history":[{"count":0,"href":"http:\/\/vertienteglobal.com\/index.php?rest_route=\/wp\/v2\/posts\/143738\/revisions"}],"wp:featuredmedia":[{"embeddable":true,"href":"http:\/\/vertienteglobal.com\/index.php?rest_route=\/wp\/v2\/media\/143739"}],"wp:attachment":[{"href":"http:\/\/vertienteglobal.com\/index.php?rest_route=%2Fwp%2Fv2%2Fmedia&parent=143738"}],"wp:term":[{"taxonomy":"category","embeddable":true,"href":"http:\/\/vertienteglobal.com\/index.php?rest_route=%2Fwp%2Fv2%2Fcategories&post=143738"},{"taxonomy":"post_tag","embeddable":true,"href":"http:\/\/vertienteglobal.com\/index.php?rest_route=%2Fwp%2Fv2%2Ftags&post=143738"}],"curies":[{"name":"wp","href":"https:\/\/api.w.org\/{rel}","templated":true}]}}