{"id":143543,"date":"2019-10-08T18:29:25","date_gmt":"2019-10-08T23:29:25","guid":{"rendered":"http:\/\/vertienteglobal.com\/?p=143543"},"modified":"2019-10-09T02:23:25","modified_gmt":"2019-10-09T07:23:25","slug":"facebook-y-segob-suman-esfuerzos-contra-violencia-hacia-mujeres-y-ninos","status":"publish","type":"post","link":"http:\/\/vertienteglobal.com\/?p=143543","title":{"rendered":"Facebook y Segob suman esfuerzos contra violencia hacia mujeres y ni\u00f1os"},"content":{"rendered":"\n<div class=\"twitterbutton\" style=\"float: right; padding-left: 5px;\"><a href=\"http:\/\/twitter.com\/share\" class=\"twitter-share-button\" data-count=\"horizontal\" data-text=\"Facebook y Segob suman esfuerzos contra violencia hacia mujeres y ni\u00f1os\" data-via=\"https:\/\/twitter.com\/VertienteGloba1\" data-url=\"http:\/\/vertienteglobal.com\/?p=143543\" data-lang=\"es\" data-related=\"Informaci\u00f3n general:S\u00edguenos para que est\u00e9ss informado\"><\/a><\/div>\n<figure class=\"wp-block-image\"><img loading=\"lazy\" decoding=\"async\" width=\"600\" height=\"338\" src=\"http:\/\/vertienteglobal.com\/wp-content\/uploads\/2019\/10\/Facebook-y-Segob-suman-esfuerzos.jpg\" alt=\"\" class=\"wp-image-143544\" srcset=\"http:\/\/vertienteglobal.com\/wp-content\/uploads\/2019\/10\/Facebook-y-Segob-suman-esfuerzos.jpg 600w, http:\/\/vertienteglobal.com\/wp-content\/uploads\/2019\/10\/Facebook-y-Segob-suman-esfuerzos-150x85.jpg 150w, http:\/\/vertienteglobal.com\/wp-content\/uploads\/2019\/10\/Facebook-y-Segob-suman-esfuerzos-300x169.jpg 300w\" sizes=\"auto, (max-width: 600px) 100vw, 600px\" \/><\/figure>\n\n\n\n<p> [Redacci\u00f3n]<br> En el encuentro se acord\u00f3 establecer una mesa permanente en la Segob para definir una agenda de trabajo y utilizar de mejor manera las herramientas digitales<br> Ciudad de M\u00e9xico.- Gobernaci\u00f3n y Facebook acordaron establecer una mesa de trabajo para analizar la violencia contra las mujeres y la ni\u00f1ez, privacidad de datos personales, fake news, delincuencia cibern\u00e9tica, personas desaparecidas, prevenci\u00f3n del suicidio, migraci\u00f3n, trata de personas, pornograf\u00eda infantil y bullying.<br> Durante la reuni\u00f3n entre la vicepresidenta de Global Marketing Solutions de Facebook, Carolyn Everson, y la titular de la Secretar\u00eda de Gobernaci\u00f3n (Segob), Olga S\u00e1nchez Cordero, la funcionaria explic\u00f3 que en el tema de violencia la red social podr\u00eda ser una herramienta de utilidad para prevenirla.<br> Afirm\u00f3 que es un reto para las autoridades gubernamentales y los corporativos de las firmas digitales, que a trav\u00e9s de la supervisi\u00f3n de la informaci\u00f3n que se publica en redes sociales se puedan prevenir actos criminales.<br> En el encuentro se acord\u00f3 establecer una mesa permanente en la Segob para definir una agenda de trabajo y utilizar de mejor manera las herramientas digitales.<br> El equipo de Facebook, liderado por Carolyn Everson, destac\u00f3 su experiencia y labor para identificar contenidos de pornograf\u00eda infantil y su debido reporte a las autoridades correspondientes, as\u00ed como para erradicar la pr\u00e1ctica de bullying; agreg\u00f3 que se buscar\u00e1 que la Alerta Amber sea m\u00e1s efectiva.<br> Carolyn Everson manifest\u00f3 el inter\u00e9s de Facebook en contribuir para mejorar la situaci\u00f3n de discriminaci\u00f3n de sectores vulnerables, y puntualiz\u00f3 la utilidad de Facebook para detectar y prevenir posibles casos de suicidio.<br> Se\u00f1al\u00f3 la importancia de que las y los usuarios tengan m\u00e1s conocimiento sobre c\u00f3mo funcionan los datos en el espacio digital, y consider\u00f3 que el reto es tener un marco legal respecto a la privacidad.<br> Adem\u00e1s, destac\u00f3 la labor que se realiza a trav\u00e9s de la iniciativa \u201cConf\u00eda en El Jaguar\u201d, impulsada con la Comisi\u00f3n Mexicana de Ayuda a Refugiados, la Comisi\u00f3n Nacional de los Derechos Humanos, la Agencia de Naciones Unidas para los Refugiados para compartir mensajes de informaci\u00f3n y protecci\u00f3n a las personas migrantes a trav\u00e9s de Facebook.<br> En la reuni\u00f3n estuvieron, por la Secretar\u00eda de Gobernaci\u00f3n, la jefa de la Oficina de la titular de la dependencia, Iliana Sansores Aguilera; el titular de la Unidad de Enlace Legislativo, Emilio Salda\u00f1a Hern\u00e1ndez; la directora general de Estudios Legislativos, Sof\u00eda Gonz\u00e1lez Torres; y el director general de Comunicaci\u00f3n Social, Omar Cervantes Rodr\u00edguez.<br> Por Facebook, la vicepresidenta Regional de Latinoam\u00e9rica, Maren Lau; la directora en M\u00e9xico, X\u00f3chilt Balzola-Widmann; el responsable de Pol\u00edticas P\u00fablicas para M\u00e9xico, \u00cd\u00f1igo Fern\u00e1ndez Baptista; y el gerente de Pol\u00edticas P\u00fablicas en M\u00e9xico y Centroam\u00e9rica, Salom\u00f3n Woldenberg.<\/p>\n","protected":false},"excerpt":{"rendered":"<p>[Redacci\u00f3n] En el encuentro se acord\u00f3 establecer una mesa permanente en la Segob para definir una agenda de trabajo y utilizar de mejor manera las herramientas digitales Ciudad de M\u00e9xico.- Gobernaci\u00f3n y Facebook acordaron establecer una mesa de trabajo para analizar la violencia contra las mujeres y la ni\u00f1ez, privacidad de datos personales, fake news, [&hellip;]<\/p>\n","protected":false},"author":1,"featured_media":143544,"comment_status":"open","ping_status":"open","sticky":false,"template":"","format":"standard","meta":{"footnotes":""},"categories":[8],"tags":[],"class_list":["post-143543","post","type-post","status-publish","format-standard","has-post-thumbnail","hentry","category-pais","entry","has-media"],"jetpack_featured_media_url":"http:\/\/vertienteglobal.com\/wp-content\/uploads\/2019\/10\/Facebook-y-Segob-suman-esfuerzos.jpg","_links":{"self":[{"href":"http:\/\/vertienteglobal.com\/index.php?rest_route=\/wp\/v2\/posts\/143543","targetHints":{"allow":["GET"]}}],"collection":[{"href":"http:\/\/vertienteglobal.com\/index.php?rest_route=\/wp\/v2\/posts"}],"about":[{"href":"http:\/\/vertienteglobal.com\/index.php?rest_route=\/wp\/v2\/types\/post"}],"author":[{"embeddable":true,"href":"http:\/\/vertienteglobal.com\/index.php?rest_route=\/wp\/v2\/users\/1"}],"replies":[{"embeddable":true,"href":"http:\/\/vertienteglobal.com\/index.php?rest_route=%2Fwp%2Fv2%2Fcomments&post=143543"}],"version-history":[{"count":0,"href":"http:\/\/vertienteglobal.com\/index.php?rest_route=\/wp\/v2\/posts\/143543\/revisions"}],"wp:featuredmedia":[{"embeddable":true,"href":"http:\/\/vertienteglobal.com\/index.php?rest_route=\/wp\/v2\/media\/143544"}],"wp:attachment":[{"href":"http:\/\/vertienteglobal.com\/index.php?rest_route=%2Fwp%2Fv2%2Fmedia&parent=143543"}],"wp:term":[{"taxonomy":"category","embeddable":true,"href":"http:\/\/vertienteglobal.com\/index.php?rest_route=%2Fwp%2Fv2%2Fcategories&post=143543"},{"taxonomy":"post_tag","embeddable":true,"href":"http:\/\/vertienteglobal.com\/index.php?rest_route=%2Fwp%2Fv2%2Ftags&post=143543"}],"curies":[{"name":"wp","href":"https:\/\/api.w.org\/{rel}","templated":true}]}}