{"id":143530,"date":"2019-10-07T00:24:18","date_gmt":"2019-10-07T05:24:18","guid":{"rendered":"http:\/\/vertienteglobal.com\/?p=143530"},"modified":"2019-10-09T00:28:17","modified_gmt":"2019-10-09T05:28:17","slug":"dermatitis-atopica-puede-afectar-rendimiento-laboral-especialista","status":"publish","type":"post","link":"http:\/\/vertienteglobal.com\/?p=143530","title":{"rendered":"Dermatitis at\u00f3pica puede afectar rendimiento laboral: Especialista"},"content":{"rendered":"\n<div class=\"twitterbutton\" style=\"float: right; padding-left: 5px;\"><a href=\"http:\/\/twitter.com\/share\" class=\"twitter-share-button\" data-count=\"horizontal\" data-text=\"Dermatitis at\u00f3pica puede afectar rendimiento laboral: Especialista\" data-via=\"https:\/\/twitter.com\/VertienteGloba1\" data-url=\"http:\/\/vertienteglobal.com\/?p=143530\" data-lang=\"es\" data-related=\"Informaci\u00f3n general:S\u00edguenos para que est\u00e9ss informado\"><\/a><\/div>\n<figure class=\"wp-block-image\"><img loading=\"lazy\" decoding=\"async\" width=\"600\" height=\"333\" src=\"http:\/\/vertienteglobal.com\/wp-content\/uploads\/2019\/10\/Dermatitis-at\u00f3pica.jpg\" alt=\"\" class=\"wp-image-143531\" srcset=\"http:\/\/vertienteglobal.com\/wp-content\/uploads\/2019\/10\/Dermatitis-at\u00f3pica.jpg 600w, http:\/\/vertienteglobal.com\/wp-content\/uploads\/2019\/10\/Dermatitis-at\u00f3pica-150x83.jpg 150w, http:\/\/vertienteglobal.com\/wp-content\/uploads\/2019\/10\/Dermatitis-at\u00f3pica-300x167.jpg 300w\" sizes=\"auto, (max-width: 600px) 100vw, 600px\" \/><\/figure>\n\n\n\n<p> [Redacci\u00f3n]<br> La dermatitis at\u00f3pica de moderada a grave es m\u00e1s grave y dif\u00edcil de tratar en adultos, y se caracteriza por brotes o nuevas lesiones, que a menudo cubren gran parte del cuerpo; entre sus manifestaciones puede incluir comez\u00f3n intensa y persistente<br> Ciudad de M\u00e9xico.- Las personas con dermatitis at\u00f3pica, de moderada a grave, sufren una carga sustancial de enfermedad que puede provocar incapacidad laboral de hasta 5.3 d\u00edas al a\u00f1o, 18 por ciento m\u00e1s que los trabajadores que no padecen ese mal, lo que impacta en personas en etapa econ\u00f3micamente activas.<br> La presidenta del Colegio M\u00e9dico de Dermat\u00f3logos de Jalisco A.C., Norma Rodr\u00edguez Mart\u00ednez, explic\u00f3 lo anterior y dijo que la comez\u00f3n es uno de los s\u00edntomas m\u00e1s graves y puede ser debilitante para los pacientes, que en M\u00e9xico se acercan a los cinco millones de personas con dermatitis at\u00f3pica, que afecta a ni\u00f1os y adultos.<br> Los adultos que padecen esta enfermedad muchas veces no comprenden lo que sucede, al notar inflamaci\u00f3n en la piel, que se torna extremadamente seca, provoca manchas rojas en las que llegan a formarse peque\u00f1as ves\u00edculas, adem\u00e1s de generar irritaci\u00f3n y picor, lo cual en muchos casos es dif\u00edcil de soportar, al grado de provocar insomnio.<br> La especialista destac\u00f3 que ya existen tratamientos biotecnol\u00f3gicos que mejoran la calidad de vida al permitir que el paciente realice todas sus actividades diarias de forma normal, sin preocuparse por los brotes, permitiendo una vida m\u00e1s sana.<br> \u201cLos pacientes con dermatitis at\u00f3pica moderada a grave ameritan muchos cuidados espec\u00edficos en su vida diaria, lo cual incide en sus actividades cotidianas, dijo la especialista en alergia e inmunolog\u00eda cl\u00ednica, Mar\u00eda de Jes\u00fas V\u00e1zquez.<br> La dermatitis at\u00f3pica de moderada a grave es m\u00e1s grave y dif\u00edcil de tratar en adultos, y se caracteriza por brotes o nuevas lesiones, que a menudo cubren gran parte del cuerpo; entre sus manifestaciones puede incluir comez\u00f3n intensa y persistente, adem\u00e1s de sequedad de la piel, agrietamiento, enrojecimiento, sangrado, formaci\u00f3n de costras y supuraci\u00f3n.<br> Aunque dicho padecimiento no es contagioso, puede convertirse en una enfermedad cr\u00f3nica, se relaciona con el sistema inmunol\u00f3gico que reacciona de manera exagerada provocando inflamaci\u00f3n; en tanto que la piel muy seca incumple su funci\u00f3n de barrera contra \u00e1caros, polen, bacterias y pelos de animales, entre otros.<br> Ante todo ello, se recomienda consultar de inmediato a un dermat\u00f3logo, a fin de intervenir con rapidez, por lo general los tratamientos farmacol\u00f3gicos para los brotes de eccema que se basan en corticosteroides locales, a fin de desaparecer las lesiones inflamatorias y el picor.<br> Entre los cuidados se recomienda que la ducha sea de temperatura media, nunca caliente y secar la piel con mucho cuidado, de preferencia con toalla de algod\u00f3n, vestirse con ropa de algod\u00f3n, evitando fibras que irriten la piel.<\/p>\n","protected":false},"excerpt":{"rendered":"<p>[Redacci\u00f3n] La dermatitis at\u00f3pica de moderada a grave es m\u00e1s grave y dif\u00edcil de tratar en adultos, y se caracteriza por brotes o nuevas lesiones, que a menudo cubren gran parte del cuerpo; entre sus manifestaciones puede incluir comez\u00f3n intensa y persistente Ciudad de M\u00e9xico.- Las personas con dermatitis at\u00f3pica, de moderada a grave, sufren [&hellip;]<\/p>\n","protected":false},"author":1,"featured_media":143531,"comment_status":"open","ping_status":"open","sticky":false,"template":"","format":"standard","meta":{"footnotes":""},"categories":[8],"tags":[],"class_list":["post-143530","post","type-post","status-publish","format-standard","has-post-thumbnail","hentry","category-pais","entry","has-media"],"jetpack_featured_media_url":"http:\/\/vertienteglobal.com\/wp-content\/uploads\/2019\/10\/Dermatitis-at\u00f3pica.jpg","_links":{"self":[{"href":"http:\/\/vertienteglobal.com\/index.php?rest_route=\/wp\/v2\/posts\/143530","targetHints":{"allow":["GET"]}}],"collection":[{"href":"http:\/\/vertienteglobal.com\/index.php?rest_route=\/wp\/v2\/posts"}],"about":[{"href":"http:\/\/vertienteglobal.com\/index.php?rest_route=\/wp\/v2\/types\/post"}],"author":[{"embeddable":true,"href":"http:\/\/vertienteglobal.com\/index.php?rest_route=\/wp\/v2\/users\/1"}],"replies":[{"embeddable":true,"href":"http:\/\/vertienteglobal.com\/index.php?rest_route=%2Fwp%2Fv2%2Fcomments&post=143530"}],"version-history":[{"count":0,"href":"http:\/\/vertienteglobal.com\/index.php?rest_route=\/wp\/v2\/posts\/143530\/revisions"}],"wp:featuredmedia":[{"embeddable":true,"href":"http:\/\/vertienteglobal.com\/index.php?rest_route=\/wp\/v2\/media\/143531"}],"wp:attachment":[{"href":"http:\/\/vertienteglobal.com\/index.php?rest_route=%2Fwp%2Fv2%2Fmedia&parent=143530"}],"wp:term":[{"taxonomy":"category","embeddable":true,"href":"http:\/\/vertienteglobal.com\/index.php?rest_route=%2Fwp%2Fv2%2Fcategories&post=143530"},{"taxonomy":"post_tag","embeddable":true,"href":"http:\/\/vertienteglobal.com\/index.php?rest_route=%2Fwp%2Fv2%2Ftags&post=143530"}],"curies":[{"name":"wp","href":"https:\/\/api.w.org\/{rel}","templated":true}]}}