{"id":143479,"date":"2019-10-01T00:20:02","date_gmt":"2019-10-01T05:20:02","guid":{"rendered":"http:\/\/vertienteglobal.com\/?p=143479"},"modified":"2019-10-01T00:06:01","modified_gmt":"2019-10-01T05:06:01","slug":"el-centro-de-la-tormenta-tropical-narda-impacto-en-las-inmediaciones-de-los-mochis-sinaloa","status":"publish","type":"post","link":"http:\/\/vertienteglobal.com\/?p=143479","title":{"rendered":"El centro de la tormenta tropical Narda impact\u00f3 en las inmediaciones de Los Mochis, Sinaloa"},"content":{"rendered":"\n<div class=\"twitterbutton\" style=\"float: right; padding-left: 5px;\"><a href=\"http:\/\/twitter.com\/share\" class=\"twitter-share-button\" data-count=\"horizontal\" data-text=\"El centro de la tormenta tropical Narda impact\u00f3 en las inmediaciones de Los Moc...\" data-via=\"https:\/\/twitter.com\/VertienteGloba1\" data-url=\"http:\/\/vertienteglobal.com\/?p=143479\" data-lang=\"es\" data-related=\"Informaci\u00f3n general:S\u00edguenos para que est\u00e9ss informado\"><\/a><\/div>\n<figure class=\"wp-block-image\"><img loading=\"lazy\" decoding=\"async\" width=\"600\" height=\"349\" src=\"http:\/\/vertienteglobal.com\/wp-content\/uploads\/2019\/10\/Clima-vigilancia-conagua-mx.jpg\" alt=\"\" class=\"wp-image-143480\" srcset=\"http:\/\/vertienteglobal.com\/wp-content\/uploads\/2019\/10\/Clima-vigilancia-conagua-mx.jpg 600w, http:\/\/vertienteglobal.com\/wp-content\/uploads\/2019\/10\/Clima-vigilancia-conagua-mx-150x87.jpg 150w, http:\/\/vertienteglobal.com\/wp-content\/uploads\/2019\/10\/Clima-vigilancia-conagua-mx-300x175.jpg 300w\" sizes=\"auto, (max-width: 600px) 100vw, 600px\" \/><\/figure>\n\n\n\n<p> [Redacci\u00f3n] <br> Es la segunda ocasi\u00f3n que el sistema toca tierra en las costas del Pac\u00edfico Mexicano<br> Ciudad de M\u00e9xico.- Con vientos m\u00e1ximos sostenidos de 75 kil\u00f3metros por hora (km\/h) y rachas de 95 km\/h, a las 21:30 horas, tiempo del centro de M\u00e9xico, el centro de la tormenta tropical Narda toc\u00f3 tierra aproximadamente a 35 kil\u00f3metros (km) al sur de Los Mochis, municipio de Ahome, y a 16 km al nor-noreste de Topolobampo, ambos en Sinaloa. El sistema se desplaza al noroeste a 31 km\/h.<br> Por lo anterior, se modific\u00f3 la zona de prevenci\u00f3n por vientos de tormenta tropical, desde Altata, Sinaloa, hasta Guaymas, Sonora.<br> Es la segunda ocasi\u00f3n que el cicl\u00f3n toca tierra con vientos de tormenta tropical, el primer impacto se registr\u00f3 a las 9:45 horas del domingo 29 de septiembre, a 15 km al este de L\u00e1zaro C\u00e1rdenas, Michoac\u00e1n.<br> Durante las pr\u00f3ximas horas Narda mantendr\u00e1 las lluvias puntuales torrenciales en Sinaloa; lluvias intensas en regiones de Baja California Sur, Chihuahua, Durango, Nayarit, Jalisco, Colima y Michoac\u00e1n; lluvias locales muy fuertes en Sonora, y fuertes en Zacatecas. Las precipitaciones ser\u00e1n con descargas el\u00e9ctricas y fuertes rachas de viento.<br> Asimismo, se persisitr\u00e1n las rachas de viento superiores a 60 kil\u00f3metros por hora (km\/h) y el oleaje de 2 a 3 metros (m) en las costas de Sinaloa y Nayarit, rachas mayores a 50 km\/h con oleaje de 1 a 2 m en la costa oriental de Baja California Sur y el litoral de Sonora, as\u00ed como posibles trombas marinas frente a las costas de Baja California Sur, Sonora, Sinaloa y Nayarit.<br> Se recomienda a la poblaci\u00f3n que se encuentra en zonas de influencia del sistema, extremar precauciones y atender las recomendaciones de las autoridades del Sistema Nacional de Protecci\u00f3n Civil, ya que, debido a las lluvias, podr\u00edan registrarse deslaves, deslizamientos de laderas, desbordamientos de r\u00edos y arroyos o afectaciones en caminos y tramos carreteros, as\u00ed como inundaciones en zonas bajas y saturaci\u00f3n de drenajes en sitios urbanos. La navegaci\u00f3n mar\u00edtima deber\u00e1 extremar precauciones.<br> Se exhorta a la poblaci\u00f3n a mantenerse informada sobre las condiciones meteorol\u00f3gicas mediante las p\u00e1ginas de internet www.gob.mx\/conagua y https:\/\/smn.conagua.gob.mx, as\u00ed como en las cuentas de Twitter @conagua_mx y @conagua_clima y de Facebook www.facebook.com\/conaguamx.<\/p>\n","protected":false},"excerpt":{"rendered":"<p>[Redacci\u00f3n] Es la segunda ocasi\u00f3n que el sistema toca tierra en las costas del Pac\u00edfico Mexicano Ciudad de M\u00e9xico.- Con vientos m\u00e1ximos sostenidos de 75 kil\u00f3metros por hora (km\/h) y rachas de 95 km\/h, a las 21:30 horas, tiempo del centro de M\u00e9xico, el centro de la tormenta tropical Narda toc\u00f3 tierra aproximadamente a 35 [&hellip;]<\/p>\n","protected":false},"author":1,"featured_media":143480,"comment_status":"open","ping_status":"open","sticky":false,"template":"","format":"standard","meta":{"footnotes":""},"categories":[8],"tags":[],"class_list":["post-143479","post","type-post","status-publish","format-standard","has-post-thumbnail","hentry","category-pais","entry","has-media"],"jetpack_featured_media_url":"http:\/\/vertienteglobal.com\/wp-content\/uploads\/2019\/10\/Clima-vigilancia-conagua-mx.jpg","_links":{"self":[{"href":"http:\/\/vertienteglobal.com\/index.php?rest_route=\/wp\/v2\/posts\/143479","targetHints":{"allow":["GET"]}}],"collection":[{"href":"http:\/\/vertienteglobal.com\/index.php?rest_route=\/wp\/v2\/posts"}],"about":[{"href":"http:\/\/vertienteglobal.com\/index.php?rest_route=\/wp\/v2\/types\/post"}],"author":[{"embeddable":true,"href":"http:\/\/vertienteglobal.com\/index.php?rest_route=\/wp\/v2\/users\/1"}],"replies":[{"embeddable":true,"href":"http:\/\/vertienteglobal.com\/index.php?rest_route=%2Fwp%2Fv2%2Fcomments&post=143479"}],"version-history":[{"count":0,"href":"http:\/\/vertienteglobal.com\/index.php?rest_route=\/wp\/v2\/posts\/143479\/revisions"}],"wp:featuredmedia":[{"embeddable":true,"href":"http:\/\/vertienteglobal.com\/index.php?rest_route=\/wp\/v2\/media\/143480"}],"wp:attachment":[{"href":"http:\/\/vertienteglobal.com\/index.php?rest_route=%2Fwp%2Fv2%2Fmedia&parent=143479"}],"wp:term":[{"taxonomy":"category","embeddable":true,"href":"http:\/\/vertienteglobal.com\/index.php?rest_route=%2Fwp%2Fv2%2Fcategories&post=143479"},{"taxonomy":"post_tag","embeddable":true,"href":"http:\/\/vertienteglobal.com\/index.php?rest_route=%2Fwp%2Fv2%2Ftags&post=143479"}],"curies":[{"name":"wp","href":"https:\/\/api.w.org\/{rel}","templated":true}]}}