{"id":143455,"date":"2019-09-30T17:12:15","date_gmt":"2019-09-30T22:12:15","guid":{"rendered":"http:\/\/vertienteglobal.com\/?p=143455"},"modified":"2019-09-30T20:10:17","modified_gmt":"2019-10-01T01:10:17","slug":"preven-tormentas-y-lluvias-en-region-montanosa-central-y-zona-norte-del-estado-de-veracruz","status":"publish","type":"post","link":"http:\/\/vertienteglobal.com\/?p=143455","title":{"rendered":"Prev\u00e9n tormentas y lluvias en regi\u00f3n monta\u00f1osa central y zona norte del estado de Veracruz"},"content":{"rendered":"\n<div class=\"twitterbutton\" style=\"float: right; padding-left: 5px;\"><a href=\"http:\/\/twitter.com\/share\" class=\"twitter-share-button\" data-count=\"horizontal\" data-text=\"Prev\u00e9n tormentas y lluvias en regi\u00f3n monta\u00f1osa central y zona norte del estad...\" data-via=\"https:\/\/twitter.com\/VertienteGloba1\" data-url=\"http:\/\/vertienteglobal.com\/?p=143455\" data-lang=\"es\" data-related=\"Informaci\u00f3n general:S\u00edguenos para que est\u00e9ss informado\"><\/a><\/div>\n<figure class=\"wp-block-image\"><img loading=\"lazy\" decoding=\"async\" width=\"600\" height=\"358\" src=\"http:\/\/vertienteglobal.com\/wp-content\/uploads\/2019\/09\/Prev\u00e9n-tormentas-y-lluvias-en-regi\u00f3n-monta\u00f1osa-central-y-zona-norte-del-estado-de-Veracruz.jpg\" alt=\"\" class=\"wp-image-143456\" srcset=\"http:\/\/vertienteglobal.com\/wp-content\/uploads\/2019\/09\/Prev\u00e9n-tormentas-y-lluvias-en-regi\u00f3n-monta\u00f1osa-central-y-zona-norte-del-estado-de-Veracruz.jpg 600w, http:\/\/vertienteglobal.com\/wp-content\/uploads\/2019\/09\/Prev\u00e9n-tormentas-y-lluvias-en-regi\u00f3n-monta\u00f1osa-central-y-zona-norte-del-estado-de-Veracruz-150x90.jpg 150w, http:\/\/vertienteglobal.com\/wp-content\/uploads\/2019\/09\/Prev\u00e9n-tormentas-y-lluvias-en-regi\u00f3n-monta\u00f1osa-central-y-zona-norte-del-estado-de-Veracruz-300x179.jpg 300w\" sizes=\"auto, (max-width: 600px) 100vw, 600px\" \/><\/figure>\n\n\n\n<p> [Redacci\u00f3n]<br> Hay probabilidad de tormentas y lluvias aisladas de cinco a 20 mil\u00edmetros y m\u00e1ximos de 30 a 50 mil\u00edmetros especialmente en la regi\u00f3n monta\u00f1osa central de la entidad, y en la zona norte del estado<br> Xalapa, Veracruz.- Para este lunes se prev\u00e9n tormentas y lluvias en la regi\u00f3n de monta\u00f1a central y en la zona centro del estado de Veracruz, que podr\u00edan ser de 5 a 20 mil\u00edmetros.<br> De acuerdo con lo que informa la Coordinaci\u00f3n de Pron\u00f3sticos Meteorol\u00f3gicos de la Secretar\u00eda de Protecci\u00f3n Civil del estado, hay probabilidad de tormentas y lluvias aisladas de cinco a 20 mil\u00edmetros y m\u00e1ximos de 30 a 50 mil\u00edmetros especialmente en la regi\u00f3n monta\u00f1osa central de la entidad, y en la zona norte del estado.<br> Agrega que las lluvias podr\u00edan ser del orden o mayores a los 70 mil\u00edmetros entre la tarde de este lunes y las primeras horas del martes.<br> \u201cAmigas y amigos la m\u00e1s reciente actualizaci\u00f3n del modelo WRF indica la probabilidad de tormentas y lluvias aisladas de 5 a 20 mm y m\u00e1ximos de 30 a 50 mm especialmente en la regi\u00f3n monta\u00f1osa central y zona norte del estado de Veracruz, incluso en esta \u00faltima son probables del orden o mayores a los 70 mm entre esta tarde a primeras horas de la ma\u00f1ana del martes.<br> Las precipitaciones pueden tener intensidades moderadas a localmente muy fuertes (tonos amarillos-rojos) acompa\u00f1adas de r\u00e1fagas de viento.\u201d<br> En este sentido, llam\u00f3 a tener precauci\u00f3n por: Inundaciones urbanas, Crecida de r\u00edos\/arroyos, Actividad el\u00e9ctrica, Deslizamientos, Estemos atentos.<\/p>\n","protected":false},"excerpt":{"rendered":"<p>[Redacci\u00f3n] Hay probabilidad de tormentas y lluvias aisladas de cinco a 20 mil\u00edmetros y m\u00e1ximos de 30 a 50 mil\u00edmetros especialmente en la regi\u00f3n monta\u00f1osa central de la entidad, y en la zona norte del estado Xalapa, Veracruz.- Para este lunes se prev\u00e9n tormentas y lluvias en la regi\u00f3n de monta\u00f1a central y en la [&hellip;]<\/p>\n","protected":false},"author":1,"featured_media":143456,"comment_status":"open","ping_status":"open","sticky":false,"template":"","format":"standard","meta":{"footnotes":""},"categories":[7],"tags":[],"class_list":["post-143455","post","type-post","status-publish","format-standard","has-post-thumbnail","hentry","category-veracruz","entry","has-media"],"jetpack_featured_media_url":"http:\/\/vertienteglobal.com\/wp-content\/uploads\/2019\/09\/Prev\u00e9n-tormentas-y-lluvias-en-regi\u00f3n-monta\u00f1osa-central-y-zona-norte-del-estado-de-Veracruz.jpg","_links":{"self":[{"href":"http:\/\/vertienteglobal.com\/index.php?rest_route=\/wp\/v2\/posts\/143455","targetHints":{"allow":["GET"]}}],"collection":[{"href":"http:\/\/vertienteglobal.com\/index.php?rest_route=\/wp\/v2\/posts"}],"about":[{"href":"http:\/\/vertienteglobal.com\/index.php?rest_route=\/wp\/v2\/types\/post"}],"author":[{"embeddable":true,"href":"http:\/\/vertienteglobal.com\/index.php?rest_route=\/wp\/v2\/users\/1"}],"replies":[{"embeddable":true,"href":"http:\/\/vertienteglobal.com\/index.php?rest_route=%2Fwp%2Fv2%2Fcomments&post=143455"}],"version-history":[{"count":0,"href":"http:\/\/vertienteglobal.com\/index.php?rest_route=\/wp\/v2\/posts\/143455\/revisions"}],"wp:featuredmedia":[{"embeddable":true,"href":"http:\/\/vertienteglobal.com\/index.php?rest_route=\/wp\/v2\/media\/143456"}],"wp:attachment":[{"href":"http:\/\/vertienteglobal.com\/index.php?rest_route=%2Fwp%2Fv2%2Fmedia&parent=143455"}],"wp:term":[{"taxonomy":"category","embeddable":true,"href":"http:\/\/vertienteglobal.com\/index.php?rest_route=%2Fwp%2Fv2%2Fcategories&post=143455"},{"taxonomy":"post_tag","embeddable":true,"href":"http:\/\/vertienteglobal.com\/index.php?rest_route=%2Fwp%2Fv2%2Ftags&post=143455"}],"curies":[{"name":"wp","href":"https:\/\/api.w.org\/{rel}","templated":true}]}}