{"id":143310,"date":"2019-09-27T19:24:48","date_gmt":"2019-09-28T00:24:48","guid":{"rendered":"http:\/\/vertienteglobal.com\/?p=143310"},"modified":"2019-09-29T16:17:30","modified_gmt":"2019-09-29T21:17:30","slug":"con-edicion-especial-de-album-abbey-road-de-the-beatles-festejan-50-aniversario","status":"publish","type":"post","link":"http:\/\/vertienteglobal.com\/?p=143310","title":{"rendered":"Con edici\u00f3n especial de alb\u00fam \u201cAbbey Road\u201d de The Beatles, festejan 50 aniversario"},"content":{"rendered":"\n<div class=\"twitterbutton\" style=\"float: right; padding-left: 5px;\"><a href=\"http:\/\/twitter.com\/share\" class=\"twitter-share-button\" data-count=\"horizontal\" data-text=\"Con edici\u00f3n especial de alb\u00fam \u201cAbbey Road\u201d de The Beatles, festejan 50 ani...\" data-via=\"https:\/\/twitter.com\/VertienteGloba1\" data-url=\"http:\/\/vertienteglobal.com\/?p=143310\" data-lang=\"es\" data-related=\"Informaci\u00f3n general:S\u00edguenos para que est\u00e9ss informado\"><\/a><\/div>\n<figure class=\"wp-block-image\"><img loading=\"lazy\" decoding=\"async\" width=\"600\" height=\"364\" src=\"http:\/\/vertienteglobal.com\/wp-content\/uploads\/2019\/09\/The-Beatles.jpg\" alt=\"\" class=\"wp-image-143311\" srcset=\"http:\/\/vertienteglobal.com\/wp-content\/uploads\/2019\/09\/The-Beatles.jpg 600w, http:\/\/vertienteglobal.com\/wp-content\/uploads\/2019\/09\/The-Beatles-150x91.jpg 150w, http:\/\/vertienteglobal.com\/wp-content\/uploads\/2019\/09\/The-Beatles-300x182.jpg 300w\" sizes=\"auto, (max-width: 600px) 100vw, 600px\" \/><\/figure>\n\n\n\n<p> [Redacci\u00f3n]<br> Las fotos que se exhiben fueron tomadas por Linda McCartney y suministradas por Paul McCartney, y se espera que sean vistas por los seguidores del Cuarteto de Liverpool, se inform\u00f3 a trav\u00e9s de un comunicado<br> Ciudad de M\u00e9xico.- Para celebrar el 50 aniversario del \u00faltimo disco de The Beatles, Abbey Road, hoy 27 de septiembre se lanzar\u00e1 una edici\u00f3n especial del \u00e1lbum que contendr\u00e1 las ya presentadas versiones in\u00e9ditas de Oh! Darling y Come together.<br> Adem\u00e1s, ayer se liber\u00f3 el video de Here comes the sun, que muestra fotograf\u00edas nunca antes vistas del cuarteto, las cuales van formando un Sol, mismo que ilumina el estudio 2 de Abbey Road, en el que se encuentran tambi\u00e9n algunos instrumentos.<br> Here comes the sun fue escrita por George Harrison y populariz\u00f3 el uso del sintetizador. El nuevo audiovisual fue dirigido por el equipo director de Trunk Animation, Alasdair + Jock (Alasdair Brotherston and Jock Mooney) y producido por Maria Manton de Trunk.<br> Las fotos que se exhiben fueron tomadas por Linda McCartney y suministradas por Paul McCartney, y se espera que sean vistas por los seguidores del Cuarteto de Liverpool, se inform\u00f3 a trav\u00e9s de un comunicado.<br> Fue el 26 de septiembre de 1969 que vio la luz Abbey Road, producido por George Martin. La portada del \u00e1lbum, en la que el cuarteto cruza un paso peatonal, es hoy por hoy una de las m\u00e1s famosas e imitadas en la historia de la m\u00fasica. Fue certificado con Disco Diamante.<br> Para el 50 aniversario del considerado uno de los mejores \u00e1lbumes de The Beatles y el m\u00e1s vendido hasta la fecha, se lanzar\u00e1n paquetes de edici\u00f3n de aniversario presentados por Apple Corps Ltd.\/Capitol\/UMe, las cuales tendr\u00e1n las 17 melod\u00edas remezcladas por el productor Giles Martin y el ingeniero Sam Okell.<br> Asimismo, contiene 23 grabaciones de sesiones y demos, la mayor\u00eda de los cuales no se hab\u00edan publicado anteriormente.<br> \u201cEl camino en las grabaciones de los Beatles hab\u00eda pasado por muchos giros y vueltas, aprendiendo curvas y paseos emocionantes. Aqu\u00ed est\u00e1bamos, todav\u00eda pregunt\u00e1ndonos por la magia de todo\u201d, se lee en el pr\u00f3logo escrito por McCartney para esta edici\u00f3n.<br> M\u00e9xico es uno de los pa\u00edses que m\u00e1s escucha a The Beatles con 1.43 millones de oyentes, dio a conocer este d\u00eda la plataforma Spotify, s\u00f3lo lo superan Reino Unido (m\u00e1s de 1.67 millones) y Estados Unidos (5.83 millones).<br> Con m\u00e1s de 564 mil escuchas, la Ciudad de M\u00e9xico es la ciudad de todo el mundo con m\u00e1s oyentes. Tan s\u00f3lo en lo que va del a\u00f1o, la plataforma registra 1.7 mil millones de streams a nivel internacional.<\/p>\n","protected":false},"excerpt":{"rendered":"<p>[Redacci\u00f3n] Las fotos que se exhiben fueron tomadas por Linda McCartney y suministradas por Paul McCartney, y se espera que sean vistas por los seguidores del Cuarteto de Liverpool, se inform\u00f3 a trav\u00e9s de un comunicado Ciudad de M\u00e9xico.- Para celebrar el 50 aniversario del \u00faltimo disco de The Beatles, Abbey Road, hoy 27 de [&hellip;]<\/p>\n","protected":false},"author":1,"featured_media":143311,"comment_status":"open","ping_status":"open","sticky":false,"template":"","format":"standard","meta":{"footnotes":""},"categories":[10],"tags":[],"class_list":["post-143310","post","type-post","status-publish","format-standard","has-post-thumbnail","hentry","category-espectaculos","entry","has-media"],"jetpack_featured_media_url":"http:\/\/vertienteglobal.com\/wp-content\/uploads\/2019\/09\/The-Beatles.jpg","_links":{"self":[{"href":"http:\/\/vertienteglobal.com\/index.php?rest_route=\/wp\/v2\/posts\/143310","targetHints":{"allow":["GET"]}}],"collection":[{"href":"http:\/\/vertienteglobal.com\/index.php?rest_route=\/wp\/v2\/posts"}],"about":[{"href":"http:\/\/vertienteglobal.com\/index.php?rest_route=\/wp\/v2\/types\/post"}],"author":[{"embeddable":true,"href":"http:\/\/vertienteglobal.com\/index.php?rest_route=\/wp\/v2\/users\/1"}],"replies":[{"embeddable":true,"href":"http:\/\/vertienteglobal.com\/index.php?rest_route=%2Fwp%2Fv2%2Fcomments&post=143310"}],"version-history":[{"count":0,"href":"http:\/\/vertienteglobal.com\/index.php?rest_route=\/wp\/v2\/posts\/143310\/revisions"}],"wp:featuredmedia":[{"embeddable":true,"href":"http:\/\/vertienteglobal.com\/index.php?rest_route=\/wp\/v2\/media\/143311"}],"wp:attachment":[{"href":"http:\/\/vertienteglobal.com\/index.php?rest_route=%2Fwp%2Fv2%2Fmedia&parent=143310"}],"wp:term":[{"taxonomy":"category","embeddable":true,"href":"http:\/\/vertienteglobal.com\/index.php?rest_route=%2Fwp%2Fv2%2Fcategories&post=143310"},{"taxonomy":"post_tag","embeddable":true,"href":"http:\/\/vertienteglobal.com\/index.php?rest_route=%2Fwp%2Fv2%2Ftags&post=143310"}],"curies":[{"name":"wp","href":"https:\/\/api.w.org\/{rel}","templated":true}]}}