{"id":142869,"date":"2019-09-03T23:06:44","date_gmt":"2019-09-04T04:06:44","guid":{"rendered":"http:\/\/vertienteglobal.com\/?p=142869"},"modified":"2019-09-04T01:08:17","modified_gmt":"2019-09-04T06:08:17","slug":"maria-jose-dara-el-grito-en-villahermosa-este-15-de-septiembre","status":"publish","type":"post","link":"http:\/\/vertienteglobal.com\/?p=142869","title":{"rendered":"Mar\u00eda Jos\u00e9 dar\u00e1 el &#8216;grito&#8217; en Villahermosa este 15 de septiembre"},"content":{"rendered":"\n<div class=\"twitterbutton\" style=\"float: right; padding-left: 5px;\"><a href=\"http:\/\/twitter.com\/share\" class=\"twitter-share-button\" data-count=\"horizontal\" data-text=\"Mar\u00eda Jos\u00e9 dar\u00e1 el &#8216;grito&#8217; en Villahermosa este 15 de septiembre\" data-via=\"https:\/\/twitter.com\/VertienteGloba1\" data-url=\"http:\/\/vertienteglobal.com\/?p=142869\" data-lang=\"es\" data-related=\"Informaci\u00f3n general:S\u00edguenos para que est\u00e9ss informado\"><\/a><\/div>\n<figure class=\"wp-block-image\"><img loading=\"lazy\" decoding=\"async\" width=\"600\" height=\"337\" src=\"http:\/\/vertienteglobal.com\/wp-content\/uploads\/2019\/09\/maria-jose.jpg\" alt=\"\" class=\"wp-image-142870\" srcset=\"http:\/\/vertienteglobal.com\/wp-content\/uploads\/2019\/09\/maria-jose.jpg 600w, http:\/\/vertienteglobal.com\/wp-content\/uploads\/2019\/09\/maria-jose-150x84.jpg 150w, http:\/\/vertienteglobal.com\/wp-content\/uploads\/2019\/09\/maria-jose-300x169.jpg 300w\" sizes=\"auto, (max-width: 600px) 100vw, 600px\" \/><\/figure>\n\n\n\n<p> [Martha Rodr\u00edguez]<br> A trav\u00e9s de su cuenta de Twitter, Mar\u00eda Jos\u00e9 Loyola comparti\u00f3 una imagen con fechas de sus pr\u00f3ximos conciertos, incluyendo la capital tabasque\u00f1a<br> Villahmosa, Tabasco.- Para la noche del 15 de septiembre en el marco de &#8216;Grito de Independencia&#8217;, la cantante Mar\u00eda Jos\u00e9 se presentar\u00e1 en Plaza de Armas de Villahermosa con su tour &#8216;Conexi\u00f3n&#8217;.<br> A trav\u00e9s de su cuenta de Twitter, Mar\u00eda Jos\u00e9 Loyola comparti\u00f3 una imagen con fechas de sus pr\u00f3ximos conciertos, incluyendo la capital tabasque\u00f1a.<br> \u00a1\u00a1 Estas son las fechas y lugares donde haremos #Conexi\u00f3n? este mes !! \u00bfEn d\u00f3nde los veo ? ??? pic.twitter.com\/uBniPtRPFO<br> \u2014 Maria Jose Loyola (@lajosa) September 3, 2019<br> Cabe recordar que en d\u00edas pasados le informamos que el gobernador de Tabasco, Ad\u00e1n Augusto L\u00f3pez Hern\u00e1ndez hab\u00eda comentado que probablemente ser\u00eda Aida Cuevas quien le cantar\u00eda a los tabasque\u00f1os, tal parece que no ser\u00e1 as\u00ed.<br> De acuerdo con el diario &#8216;La Uni\u00f3n de Puebla&#8217;, Aida Cuevas se presentar\u00e1 el 15 de septiembre en Puebla, junto a Aleks Syntek, y otros artistas.<\/p>\n","protected":false},"excerpt":{"rendered":"<p>[Martha Rodr\u00edguez] A trav\u00e9s de su cuenta de Twitter, Mar\u00eda Jos\u00e9 Loyola comparti\u00f3 una imagen con fechas de sus pr\u00f3ximos conciertos, incluyendo la capital tabasque\u00f1a Villahmosa, Tabasco.- Para la noche del 15 de septiembre en el marco de &#8216;Grito de Independencia&#8217;, la cantante Mar\u00eda Jos\u00e9 se presentar\u00e1 en Plaza de Armas de Villahermosa con su [&hellip;]<\/p>\n","protected":false},"author":1,"featured_media":142870,"comment_status":"open","ping_status":"open","sticky":false,"template":"","format":"standard","meta":{"footnotes":""},"categories":[10,5],"tags":[],"class_list":["post-142869","post","type-post","status-publish","format-standard","has-post-thumbnail","hentry","category-espectaculos","category-tabasco","entry","has-media"],"jetpack_featured_media_url":"http:\/\/vertienteglobal.com\/wp-content\/uploads\/2019\/09\/maria-jose.jpg","_links":{"self":[{"href":"http:\/\/vertienteglobal.com\/index.php?rest_route=\/wp\/v2\/posts\/142869","targetHints":{"allow":["GET"]}}],"collection":[{"href":"http:\/\/vertienteglobal.com\/index.php?rest_route=\/wp\/v2\/posts"}],"about":[{"href":"http:\/\/vertienteglobal.com\/index.php?rest_route=\/wp\/v2\/types\/post"}],"author":[{"embeddable":true,"href":"http:\/\/vertienteglobal.com\/index.php?rest_route=\/wp\/v2\/users\/1"}],"replies":[{"embeddable":true,"href":"http:\/\/vertienteglobal.com\/index.php?rest_route=%2Fwp%2Fv2%2Fcomments&post=142869"}],"version-history":[{"count":0,"href":"http:\/\/vertienteglobal.com\/index.php?rest_route=\/wp\/v2\/posts\/142869\/revisions"}],"wp:featuredmedia":[{"embeddable":true,"href":"http:\/\/vertienteglobal.com\/index.php?rest_route=\/wp\/v2\/media\/142870"}],"wp:attachment":[{"href":"http:\/\/vertienteglobal.com\/index.php?rest_route=%2Fwp%2Fv2%2Fmedia&parent=142869"}],"wp:term":[{"taxonomy":"category","embeddable":true,"href":"http:\/\/vertienteglobal.com\/index.php?rest_route=%2Fwp%2Fv2%2Fcategories&post=142869"},{"taxonomy":"post_tag","embeddable":true,"href":"http:\/\/vertienteglobal.com\/index.php?rest_route=%2Fwp%2Fv2%2Ftags&post=142869"}],"curies":[{"name":"wp","href":"https:\/\/api.w.org\/{rel}","templated":true}]}}