{"id":142830,"date":"2019-09-03T19:50:19","date_gmt":"2019-09-04T00:50:19","guid":{"rendered":"http:\/\/vertienteglobal.com\/?p=142830"},"modified":"2019-09-03T23:31:02","modified_gmt":"2019-09-04T04:31:02","slug":"manuel-velasco-se-reincorpora-al-senado-como-coordinador-del-partido-verde","status":"publish","type":"post","link":"http:\/\/vertienteglobal.com\/?p=142830","title":{"rendered":"Manuel Velasco se reincorpora al Senado como coordinador del Partido Verde"},"content":{"rendered":"\n<div class=\"twitterbutton\" style=\"float: right; padding-left: 5px;\"><a href=\"http:\/\/twitter.com\/share\" class=\"twitter-share-button\" data-count=\"horizontal\" data-text=\"Manuel Velasco se reincorpora al Senado como coordinador del Partido Verde\" data-via=\"https:\/\/twitter.com\/VertienteGloba1\" data-url=\"http:\/\/vertienteglobal.com\/?p=142830\" data-lang=\"es\" data-related=\"Informaci\u00f3n general:S\u00edguenos para que est\u00e9ss informado\"><\/a><\/div>\n<figure class=\"wp-block-image\"><img loading=\"lazy\" decoding=\"async\" width=\"600\" height=\"356\" src=\"http:\/\/vertienteglobal.com\/wp-content\/uploads\/2019\/09\/Manuel-Velasco.jpg\" alt=\"\" class=\"wp-image-142831\" srcset=\"http:\/\/vertienteglobal.com\/wp-content\/uploads\/2019\/09\/Manuel-Velasco.jpg 600w, http:\/\/vertienteglobal.com\/wp-content\/uploads\/2019\/09\/Manuel-Velasco-150x89.jpg 150w, http:\/\/vertienteglobal.com\/wp-content\/uploads\/2019\/09\/Manuel-Velasco-300x178.jpg 300w\" sizes=\"auto, (max-width: 600px) 100vw, 600px\" \/><\/figure>\n\n\n\n<p> [Redacci\u00f3n]<br> A partir de la siguiente sesi\u00f3n ordinaria, Velasco ocupar\u00e1 nuevamente su esca\u00f1o, luego de haber cumplido como gobernador del estado de Chiapas<br> Ciudad de M\u00e9xico.- Manuel Velasco Coello se reincoporar\u00e1 al Senado de la Rep\u00fablica como coordinador de la bancada del Partido Verde Ecologista.<br> Y es que a partir de la siguiente sesi\u00f3n ordinaria, Velasco ocupar\u00e1 nuevamente su esca\u00f1o, luego de haber cumplido como gobernador del estado de Chiapas.<br> La fracci\u00f3n ecologista, integrada por Ver\u00f3nica Camino Farjat, Gabriela Benavides Cobos, Alejandra Lagunes Soto, Leonor Noyola Cervantes, Ra\u00fal Bola\u00f1os Cacho Cu\u00e9 e Israel Zamora Guzm\u00e1n, regresa nuevamente a ser coordinada por el senador  Manuel Velasco Coello.<\/p>\n","protected":false},"excerpt":{"rendered":"<p>[Redacci\u00f3n] A partir de la siguiente sesi\u00f3n ordinaria, Velasco ocupar\u00e1 nuevamente su esca\u00f1o, luego de haber cumplido como gobernador del estado de Chiapas Ciudad de M\u00e9xico.- Manuel Velasco Coello se reincoporar\u00e1 al Senado de la Rep\u00fablica como coordinador de la bancada del Partido Verde Ecologista. Y es que a partir de la siguiente sesi\u00f3n ordinaria, [&hellip;]<\/p>\n","protected":false},"author":1,"featured_media":142831,"comment_status":"open","ping_status":"open","sticky":false,"template":"","format":"standard","meta":{"footnotes":""},"categories":[8],"tags":[],"class_list":["post-142830","post","type-post","status-publish","format-standard","has-post-thumbnail","hentry","category-pais","entry","has-media"],"jetpack_featured_media_url":"http:\/\/vertienteglobal.com\/wp-content\/uploads\/2019\/09\/Manuel-Velasco.jpg","_links":{"self":[{"href":"http:\/\/vertienteglobal.com\/index.php?rest_route=\/wp\/v2\/posts\/142830","targetHints":{"allow":["GET"]}}],"collection":[{"href":"http:\/\/vertienteglobal.com\/index.php?rest_route=\/wp\/v2\/posts"}],"about":[{"href":"http:\/\/vertienteglobal.com\/index.php?rest_route=\/wp\/v2\/types\/post"}],"author":[{"embeddable":true,"href":"http:\/\/vertienteglobal.com\/index.php?rest_route=\/wp\/v2\/users\/1"}],"replies":[{"embeddable":true,"href":"http:\/\/vertienteglobal.com\/index.php?rest_route=%2Fwp%2Fv2%2Fcomments&post=142830"}],"version-history":[{"count":0,"href":"http:\/\/vertienteglobal.com\/index.php?rest_route=\/wp\/v2\/posts\/142830\/revisions"}],"wp:featuredmedia":[{"embeddable":true,"href":"http:\/\/vertienteglobal.com\/index.php?rest_route=\/wp\/v2\/media\/142831"}],"wp:attachment":[{"href":"http:\/\/vertienteglobal.com\/index.php?rest_route=%2Fwp%2Fv2%2Fmedia&parent=142830"}],"wp:term":[{"taxonomy":"category","embeddable":true,"href":"http:\/\/vertienteglobal.com\/index.php?rest_route=%2Fwp%2Fv2%2Fcategories&post=142830"},{"taxonomy":"post_tag","embeddable":true,"href":"http:\/\/vertienteglobal.com\/index.php?rest_route=%2Fwp%2Fv2%2Ftags&post=142830"}],"curies":[{"name":"wp","href":"https:\/\/api.w.org\/{rel}","templated":true}]}}