{"id":142378,"date":"2019-08-18T19:24:19","date_gmt":"2019-08-19T00:24:19","guid":{"rendered":"http:\/\/vertienteglobal.com\/?p=142378"},"modified":"2019-08-20T02:24:26","modified_gmt":"2019-08-20T07:24:26","slug":"jimena-sanchez-ensena-de-mas","status":"publish","type":"post","link":"http:\/\/vertienteglobal.com\/?p=142378","title":{"rendered":"Jimena S\u00e1nchez ense\u00f1a de m\u00e1s"},"content":{"rendered":"\n<div class=\"twitterbutton\" style=\"float: right; padding-left: 5px;\"><a href=\"http:\/\/twitter.com\/share\" class=\"twitter-share-button\" data-count=\"horizontal\" data-text=\"Jimena S\u00e1nchez ense\u00f1a de m\u00e1s\" data-via=\"https:\/\/twitter.com\/VertienteGloba1\" data-url=\"http:\/\/vertienteglobal.com\/?p=142378\" data-lang=\"es\" data-related=\"Informaci\u00f3n general:S\u00edguenos para que est\u00e9ss informado\"><\/a><\/div>\n<figure class=\"wp-block-image\"><img loading=\"lazy\" decoding=\"async\" width=\"600\" height=\"356\" src=\"http:\/\/vertienteglobal.com\/wp-content\/uploads\/2019\/08\/jimena-sanchez.png\" alt=\"\" class=\"wp-image-142379\" srcset=\"http:\/\/vertienteglobal.com\/wp-content\/uploads\/2019\/08\/jimena-sanchez.png 600w, http:\/\/vertienteglobal.com\/wp-content\/uploads\/2019\/08\/jimena-sanchez-150x89.png 150w, http:\/\/vertienteglobal.com\/wp-content\/uploads\/2019\/08\/jimena-sanchez-300x178.png 300w\" sizes=\"auto, (max-width: 600px) 100vw, 600px\" \/><\/figure>\n\n\n\n<p> [Redacci\u00f3n]<br> En la descripci\u00f3n de su publicaci\u00f3n, Jimena S\u00e1nchez dedic\u00f3 un mensaje para su equipo favorito de futbol americano<br> Ciudad de M\u00e9xico.- Jimena S\u00e1nchez es considerada como una de las conductoras m\u00e1s sensuales de la pantalla chica y una vez m\u00e1s conquist\u00f3 a sus m\u00e1s de seis millones de seguidores en Instagram tras publicar una fotograf\u00eda de impacto en la que luce su espectacular figura.<br> La conductora de Fox Sports comparti\u00f3 una fotograf\u00eda en la que solo viste un ajustado jersey de los Oakland Raiders con el que luce un sensual escote mientras intenta cubrirse debajo del abdomen.<br> En la descripci\u00f3n de su publicaci\u00f3n, Jimena S\u00e1nchez dedic\u00f3 un mensaje para su equipo favorito de futbol americano:<\/p>\n","protected":false},"excerpt":{"rendered":"<p>[Redacci\u00f3n] En la descripci\u00f3n de su publicaci\u00f3n, Jimena S\u00e1nchez dedic\u00f3 un mensaje para su equipo favorito de futbol americano Ciudad de M\u00e9xico.- Jimena S\u00e1nchez es considerada como una de las conductoras m\u00e1s sensuales de la pantalla chica y una vez m\u00e1s conquist\u00f3 a sus m\u00e1s de seis millones de seguidores en Instagram tras publicar una [&hellip;]<\/p>\n","protected":false},"author":1,"featured_media":142379,"comment_status":"open","ping_status":"open","sticky":false,"template":"","format":"standard","meta":{"footnotes":""},"categories":[10],"tags":[],"class_list":["post-142378","post","type-post","status-publish","format-standard","has-post-thumbnail","hentry","category-espectaculos","entry","has-media"],"jetpack_featured_media_url":"http:\/\/vertienteglobal.com\/wp-content\/uploads\/2019\/08\/jimena-sanchez.png","_links":{"self":[{"href":"http:\/\/vertienteglobal.com\/index.php?rest_route=\/wp\/v2\/posts\/142378","targetHints":{"allow":["GET"]}}],"collection":[{"href":"http:\/\/vertienteglobal.com\/index.php?rest_route=\/wp\/v2\/posts"}],"about":[{"href":"http:\/\/vertienteglobal.com\/index.php?rest_route=\/wp\/v2\/types\/post"}],"author":[{"embeddable":true,"href":"http:\/\/vertienteglobal.com\/index.php?rest_route=\/wp\/v2\/users\/1"}],"replies":[{"embeddable":true,"href":"http:\/\/vertienteglobal.com\/index.php?rest_route=%2Fwp%2Fv2%2Fcomments&post=142378"}],"version-history":[{"count":0,"href":"http:\/\/vertienteglobal.com\/index.php?rest_route=\/wp\/v2\/posts\/142378\/revisions"}],"wp:featuredmedia":[{"embeddable":true,"href":"http:\/\/vertienteglobal.com\/index.php?rest_route=\/wp\/v2\/media\/142379"}],"wp:attachment":[{"href":"http:\/\/vertienteglobal.com\/index.php?rest_route=%2Fwp%2Fv2%2Fmedia&parent=142378"}],"wp:term":[{"taxonomy":"category","embeddable":true,"href":"http:\/\/vertienteglobal.com\/index.php?rest_route=%2Fwp%2Fv2%2Fcategories&post=142378"},{"taxonomy":"post_tag","embeddable":true,"href":"http:\/\/vertienteglobal.com\/index.php?rest_route=%2Fwp%2Fv2%2Ftags&post=142378"}],"curies":[{"name":"wp","href":"https:\/\/api.w.org\/{rel}","templated":true}]}}