{"id":142371,"date":"2019-08-17T20:50:11","date_gmt":"2019-08-18T01:50:11","guid":{"rendered":"http:\/\/vertienteglobal.com\/?p=142371"},"modified":"2019-08-19T23:59:39","modified_gmt":"2019-08-20T04:59:39","slug":"feria-de-productos-yucatecos-impulso-comercial-para-pymes-del-estado","status":"publish","type":"post","link":"http:\/\/vertienteglobal.com\/?p=142371","title":{"rendered":"Feria de Productos Yucatecos, impulso comercial para pymes del estado"},"content":{"rendered":"\n<div class=\"twitterbutton\" style=\"float: right; padding-left: 5px;\"><a href=\"http:\/\/twitter.com\/share\" class=\"twitter-share-button\" data-count=\"horizontal\" data-text=\"Feria de Productos Yucatecos, impulso comercial para pymes del estado\" data-via=\"https:\/\/twitter.com\/VertienteGloba1\" data-url=\"http:\/\/vertienteglobal.com\/?p=142371\" data-lang=\"es\" data-related=\"Informaci\u00f3n general:S\u00edguenos para que est\u00e9ss informado\"><\/a><\/div>\n<figure class=\"wp-block-image\"><img loading=\"lazy\" decoding=\"async\" width=\"600\" height=\"360\" src=\"http:\/\/vertienteglobal.com\/wp-content\/uploads\/2019\/08\/Feria-de-Productos-Yucatecos.jpg\" alt=\"\" class=\"wp-image-142372\" srcset=\"http:\/\/vertienteglobal.com\/wp-content\/uploads\/2019\/08\/Feria-de-Productos-Yucatecos.jpg 600w, http:\/\/vertienteglobal.com\/wp-content\/uploads\/2019\/08\/Feria-de-Productos-Yucatecos-150x90.jpg 150w, http:\/\/vertienteglobal.com\/wp-content\/uploads\/2019\/08\/Feria-de-Productos-Yucatecos-300x180.jpg 300w\" sizes=\"auto, (max-width: 600px) 100vw, 600px\" \/><\/figure>\n\n\n\n<p> [Redacci\u00f3n]<br> Previo al corte del list\u00f3n inaugural, en la tienda Los Balcones, el gerente de Desarrollo de Proveedores de Soriana, David Trevi\u00f1o Garza, reconoci\u00f3 la labor del Gobierno estatal en favor de las pymes y agradeci\u00f3 a las firmas yucatecas por su inter\u00e9s en formar parte del proyecto<br> M\u00e9rida, Yucat\u00e1n.- Cerca de 60 peque\u00f1as y medianas empresas (pymes) locales conforman la Feria de Productos Yucatecos, resultado de la vinculaci\u00f3n de la Secretar\u00eda de Fomento Econ\u00f3mico y Trabajo (Sefoet) con la cadena mexicana de supermercados Soriana.<br> En representaci\u00f3n del Gobernador Mauricio Vila Dosal, el subsecretario de Planeaci\u00f3n, Promoci\u00f3n y Proyectos de la dependencia, Joaqu\u00edn Mier y Ter\u00e1n Puerto, reconoci\u00f3 el inter\u00e9s y compromiso de la iniciativa privada al sumarse a este tipo de acciones, que se enfoca en fortalecer la econom\u00eda local, a trav\u00e9s del impulso a las pymes.<br> \u00abLa oportunidad de integrarse a la cadena de distribuci\u00f3n de una importante marca nacional, como Soriana, significa un impulso que puede impactar de manera clave en el desarrollo de la empresa\u00bb, dijo ante la gerente Regional de la firma, Elo\u00edsa Zurita Galindo, y los de las tiendas participantes.<br> Asimismo, el funcionario record\u00f3 que esta Feria es una de las estrategias del Programa de Desarrollo de Proveedores Pyme 2019, que impulsa la cadena, mediante el cual las compa\u00f1\u00edas obtienen asesor\u00eda y apoyo en temas comerciales, como costeo, empaque, promotor\u00eda y entregas.<br> Previo al corte del list\u00f3n inaugural, en la tienda Los Balcones, el gerente de Desarrollo de Proveedores de Soriana, David Trevi\u00f1o Garza, reconoci\u00f3 la labor del Gobierno estatal en favor de las pymes y agradeci\u00f3 a las firmas yucatecas por su inter\u00e9s en formar parte del proyecto.<br> Acompa\u00f1ado del vicepresidente de la C\u00e1mara Nacional de la Industria de la Transformaci\u00f3n (Canacintra), Jorge Charruf C\u00e1ceres, el titular del Consejo Coordinador Empresarial (CCE), Michel Salum Francis, asegur\u00f3 que \u00abimpulsar a las marcas locales a trav\u00e9s de las cadenas de autoservicio es la opci\u00f3n que permitir\u00e1 a nuestras empresas llegar a nuevos mercados, apoyados por su calidad y est\u00e1ndares, que los ponen al nivel de cualquiera del pa\u00eds y del mundo\u00bb.<br> Hasta el 16 de septiembre, en los pasillos principales de las tiendas Canek, Avenida 128, Sendero, Altabrisa, Gran Plaza y Los Balcones, se exhibir\u00e1n las ofertas de pymes de M\u00e9rida, Valladolid y Tizim\u00edn, desde artesan\u00edas, calzado y reposter\u00eda, hasta salsas, licores, botanas y frituras.<br> En la edici\u00f3n 2014, 38 firmas presentaron 223 productos; este a\u00f1o, 57 promover\u00e1n un cat\u00e1logo de 338. Durante 30 d\u00edas, todas tendr\u00e1n la oportunidad de potenciar sus estrategias comerciales como proveedoras de Soriana, mediante encuentros de negocios, capacitaci\u00f3n y ventas<\/p>\n","protected":false},"excerpt":{"rendered":"<p>[Redacci\u00f3n] Previo al corte del list\u00f3n inaugural, en la tienda Los Balcones, el gerente de Desarrollo de Proveedores de Soriana, David Trevi\u00f1o Garza, reconoci\u00f3 la labor del Gobierno estatal en favor de las pymes y agradeci\u00f3 a las firmas yucatecas por su inter\u00e9s en formar parte del proyecto M\u00e9rida, Yucat\u00e1n.- Cerca de 60 peque\u00f1as y [&hellip;]<\/p>\n","protected":false},"author":1,"featured_media":142372,"comment_status":"open","ping_status":"open","sticky":false,"template":"","format":"standard","meta":{"footnotes":""},"categories":[2],"tags":[],"class_list":["post-142371","post","type-post","status-publish","format-standard","has-post-thumbnail","hentry","category-yucatan","entry","has-media"],"jetpack_featured_media_url":"http:\/\/vertienteglobal.com\/wp-content\/uploads\/2019\/08\/Feria-de-Productos-Yucatecos.jpg","_links":{"self":[{"href":"http:\/\/vertienteglobal.com\/index.php?rest_route=\/wp\/v2\/posts\/142371","targetHints":{"allow":["GET"]}}],"collection":[{"href":"http:\/\/vertienteglobal.com\/index.php?rest_route=\/wp\/v2\/posts"}],"about":[{"href":"http:\/\/vertienteglobal.com\/index.php?rest_route=\/wp\/v2\/types\/post"}],"author":[{"embeddable":true,"href":"http:\/\/vertienteglobal.com\/index.php?rest_route=\/wp\/v2\/users\/1"}],"replies":[{"embeddable":true,"href":"http:\/\/vertienteglobal.com\/index.php?rest_route=%2Fwp%2Fv2%2Fcomments&post=142371"}],"version-history":[{"count":0,"href":"http:\/\/vertienteglobal.com\/index.php?rest_route=\/wp\/v2\/posts\/142371\/revisions"}],"wp:featuredmedia":[{"embeddable":true,"href":"http:\/\/vertienteglobal.com\/index.php?rest_route=\/wp\/v2\/media\/142372"}],"wp:attachment":[{"href":"http:\/\/vertienteglobal.com\/index.php?rest_route=%2Fwp%2Fv2%2Fmedia&parent=142371"}],"wp:term":[{"taxonomy":"category","embeddable":true,"href":"http:\/\/vertienteglobal.com\/index.php?rest_route=%2Fwp%2Fv2%2Fcategories&post=142371"},{"taxonomy":"post_tag","embeddable":true,"href":"http:\/\/vertienteglobal.com\/index.php?rest_route=%2Fwp%2Fv2%2Ftags&post=142371"}],"curies":[{"name":"wp","href":"https:\/\/api.w.org\/{rel}","templated":true}]}}