{"id":142237,"date":"2019-08-14T18:40:19","date_gmt":"2019-08-14T23:40:19","guid":{"rendered":"http:\/\/vertienteglobal.com\/?p=142237"},"modified":"2019-08-15T09:00:04","modified_gmt":"2019-08-15T14:00:04","slug":"firma-adan-augusto-pacto-oaxaca-para-impulsar-el-crecimiento-del-sur-sureste","status":"publish","type":"post","link":"http:\/\/vertienteglobal.com\/?p=142237","title":{"rendered":"Firma Ad\u00e1n Augusto Pacto Oaxaca para impulsar el crecimiento del Sur-Sureste"},"content":{"rendered":"\n<div class=\"twitterbutton\" style=\"float: right; padding-left: 5px;\"><a href=\"http:\/\/twitter.com\/share\" class=\"twitter-share-button\" data-count=\"horizontal\" data-text=\"Firma Ad\u00e1n Augusto Pacto Oaxaca para impulsar el crecimiento del Sur-Sureste\" data-via=\"https:\/\/twitter.com\/VertienteGloba1\" data-url=\"http:\/\/vertienteglobal.com\/?p=142237\" data-lang=\"es\" data-related=\"Informaci\u00f3n general:S\u00edguenos para que est\u00e9ss informado\"><\/a><\/div>\n<figure class=\"wp-block-image\"><img loading=\"lazy\" decoding=\"async\" width=\"600\" height=\"305\" src=\"http:\/\/vertienteglobal.com\/wp-content\/uploads\/2019\/08\/Pacto-Oaxaca-Adan.jpeg\" alt=\"\" class=\"wp-image-142238\" srcset=\"http:\/\/vertienteglobal.com\/wp-content\/uploads\/2019\/08\/Pacto-Oaxaca-Adan.jpeg 600w, http:\/\/vertienteglobal.com\/wp-content\/uploads\/2019\/08\/Pacto-Oaxaca-Adan-150x76.jpeg 150w, http:\/\/vertienteglobal.com\/wp-content\/uploads\/2019\/08\/Pacto-Oaxaca-Adan-300x153.jpeg 300w\" sizes=\"auto, (max-width: 600px) 100vw, 600px\" \/><\/figure>\n\n\n\n<p> [Redacci\u00f3n]<br> En el encuentro, los nueve mandatarios de la regi\u00f3n, establecieron una agenda de trabajo con la Concamin, para la ejecuci\u00f3n de proyectos de infraestructura e industria, en el que participar\u00e1n sectores empresariales, acad\u00e9micos y sociales<br> El presidente L\u00f3pez Obrador, reiter\u00f3 el compromiso de su gobierno de consolidar los proyectos estrat\u00e9gicos: Tren Maya, Refiner\u00eda Dos Bocas y Corredor Multimodal Interoce\u00e1nico; \u201cel desarrollo del Sur-Sureste es un asunto de justicia social\u201d, asegur\u00f3<br> Santa Luc\u00eda del Camino, Oaxaca.- Para incentivar el desarrollo econ\u00f3mico y social de la regi\u00f3n, el gobernador Ad\u00e1n Augusto L\u00f3pez Hern\u00e1ndez suscribi\u00f3 este d\u00eda el Pacto Oaxaca, junto a los dem\u00e1s mandatarios estatales del Sur-Sureste y presidentes de c\u00e1maras empresariales del pa\u00eds.<br> El pacto es una iniciativa de la Confederaci\u00f3n de C\u00e1maras Industriales (Concamin) a la que se sum\u00f3 el Gobierno de Tabasco, para impulsar el crecimiento de distintos sectores econ\u00f3micos y la inversi\u00f3n en la regi\u00f3n Sur-Sureste. <br> Con el respaldo del Presidente de M\u00e9xico, Andr\u00e9s Manuel L\u00f3pez Obrador, el acuerdo contempla una agenda de trabajo a corto, mediano y largo plazo para la ejecuci\u00f3n de distintos proyectos de infraestructura e industria, apoyados por los sectores empresariales, acad\u00e9micos y sociales.<br> En el evento, los gobernadores de Oaxaca, Alejandro Mutar Hinojosa; Chiapas, Rutilio Escand\u00f3n Cadenas; Campeche, Carlos Miguel Aysa Gonz\u00e1lez; Yucat\u00e1n, Mauricio Vila Dosal; Quintana Roo, Carlos Joaqu\u00edn Gonz\u00e1lez; Veracruz, Cuitl\u00e1huac Garc\u00eda Jim\u00e9nez; Guerrero, H\u00e9ctor Astudillo Flores; Puebla, Miguel Barbosa Huerta y de Tabasco, Ad\u00e1n Augusto L\u00f3pez Hern\u00e1ndez, se comprometieron a generar mecanismo de colaboraci\u00f3n con el Gobierno Federal y la Concamin para alcanzar un desarrollo regional justo e incluyente.<br> Posterior a la firma del Pacto Oaxaca, en un encuentro con el empresariado mexicano \u201cHacia un Sur-Sureste del Futuro\u201d, el mandatario nacional asegur\u00f3 que el desarrollo de esta regi\u00f3n del pa\u00eds es un asunto de justicia social, despu\u00e9s de muchos a\u00f1os de abandono por quienes incumplieron la responsabilidad constitucional de desarrollar integralmente al pa\u00eds.<br> En ese sentido, el Presidente de M\u00e9xico garantiz\u00f3 que en esta nueva etapa de la vida p\u00fablica nacional, su gobierno trabaja para que exista un desarrollo horizontal en el pa\u00eds y se pueda crecer a una tasa promedio anual del 4 por ciento.<br> Acompa\u00f1ado por el dirigente de la Concamin, Francisco Cervantes D\u00edaz, el Ejecutivo Federal asegur\u00f3 que para poder detonar la econom\u00eda de M\u00e9xico, es necesario emparejar el desarrollo de los estados del Sur-Sureste a trav\u00e9s del rescate al campo y la consolidaci\u00f3n de los proyectos estrat\u00e9gicos que ya est\u00e1n en marcha.<br> Como nunca antes en la historia del pa\u00eds, L\u00f3pez Obrador detall\u00f3 la inversi\u00f3n p\u00fablica de 150 mil millones de pesos para la construcci\u00f3n del Tren Maya, que ayudar\u00e1 a detonar tur\u00edsticamente toda la regi\u00f3n; la inversi\u00f3n de 8 mil millones de d\u00f3lares en la construcci\u00f3n de la Refiner\u00eda Dos Bocas, y el proyecto  del Corredor Multimodal Interoce\u00e1nico (puente terrestre log\u00edstico Oc\u00e9ano Pac\u00edfico- Golfo de M\u00e9xico) al que se destinar\u00e1 3 mil 900 millones de pesos.<br> El presidente tabasque\u00f1o indic\u00f3 que contrario a las malas decisiones del pasado,  el 90 por ciento de la inversi\u00f3n p\u00fablica de Petr\u00f3leos Mexicanos (Pemex) ser\u00e1n destinados al Sureste de M\u00e9xico; adem\u00e1s de anunciar que ya invierten en 22 campos petroleros para no dejar caer la actividad, reactivar y producir.<br> L\u00f3pez Obrador afirm\u00f3 ante los empresarios que ya comenz\u00f3 la reactivaci\u00f3n econ\u00f3mica del Sur-Sureste y que el crecimiento econ\u00f3mico del pa\u00eds se afianzar\u00e1 a trav\u00e9s de cuatro eslabones: apoyo de las microempresas (econom\u00eda de los pueblos), proyectos estrat\u00e9gicos, apoyo a la inversi\u00f3n privada y fomento a la inversi\u00f3n extranjera. <br> Como gobernador anfitri\u00f3n y en representaci\u00f3n de sus hom\u00f3logos, Murat Hinojosa realiz\u00f3 un recuento de los compromisos que abarca la firma del acuerdo, en una visi\u00f3n estrat\u00e9gica de desarrollo econ\u00f3mico, infraestructura y turismo, desarrollo rural, inversi\u00f3n, producci\u00f3n e innovaci\u00f3n, seguridad, log\u00edstica y empleo formal.<br> \u201cVisualizamos en el presidente de la Rep\u00fablica, Andr\u00e9s Manuel L\u00f3pez Obrador, una genuina voluntad de ofrecer oportunidades reales para todos los mexicanos\u201d, se\u00f1al\u00f3 el mandatario, al confiar que con la nueva pol\u00edtica econ\u00f3mica que impulsa el Gobierno Federal y los esfuerzos en conjunto de los estados, se reactive la econom\u00eda en esta regi\u00f3n de M\u00e9xico y se reduzca la brecha que existe con el norte.<\/p>\n","protected":false},"excerpt":{"rendered":"<p>[Redacci\u00f3n] En el encuentro, los nueve mandatarios de la regi\u00f3n, establecieron una agenda de trabajo con la Concamin, para la ejecuci\u00f3n de proyectos de infraestructura e industria, en el que participar\u00e1n sectores empresariales, acad\u00e9micos y sociales El presidente L\u00f3pez Obrador, reiter\u00f3 el compromiso de su gobierno de consolidar los proyectos estrat\u00e9gicos: Tren Maya, Refiner\u00eda Dos [&hellip;]<\/p>\n","protected":false},"author":1,"featured_media":142238,"comment_status":"open","ping_status":"open","sticky":false,"template":"","format":"standard","meta":{"footnotes":""},"categories":[8,5],"tags":[],"class_list":["post-142237","post","type-post","status-publish","format-standard","has-post-thumbnail","hentry","category-pais","category-tabasco","entry","has-media"],"jetpack_featured_media_url":"http:\/\/vertienteglobal.com\/wp-content\/uploads\/2019\/08\/Pacto-Oaxaca-Adan.jpeg","_links":{"self":[{"href":"http:\/\/vertienteglobal.com\/index.php?rest_route=\/wp\/v2\/posts\/142237","targetHints":{"allow":["GET"]}}],"collection":[{"href":"http:\/\/vertienteglobal.com\/index.php?rest_route=\/wp\/v2\/posts"}],"about":[{"href":"http:\/\/vertienteglobal.com\/index.php?rest_route=\/wp\/v2\/types\/post"}],"author":[{"embeddable":true,"href":"http:\/\/vertienteglobal.com\/index.php?rest_route=\/wp\/v2\/users\/1"}],"replies":[{"embeddable":true,"href":"http:\/\/vertienteglobal.com\/index.php?rest_route=%2Fwp%2Fv2%2Fcomments&post=142237"}],"version-history":[{"count":0,"href":"http:\/\/vertienteglobal.com\/index.php?rest_route=\/wp\/v2\/posts\/142237\/revisions"}],"wp:featuredmedia":[{"embeddable":true,"href":"http:\/\/vertienteglobal.com\/index.php?rest_route=\/wp\/v2\/media\/142238"}],"wp:attachment":[{"href":"http:\/\/vertienteglobal.com\/index.php?rest_route=%2Fwp%2Fv2%2Fmedia&parent=142237"}],"wp:term":[{"taxonomy":"category","embeddable":true,"href":"http:\/\/vertienteglobal.com\/index.php?rest_route=%2Fwp%2Fv2%2Fcategories&post=142237"},{"taxonomy":"post_tag","embeddable":true,"href":"http:\/\/vertienteglobal.com\/index.php?rest_route=%2Fwp%2Fv2%2Ftags&post=142237"}],"curies":[{"name":"wp","href":"https:\/\/api.w.org\/{rel}","templated":true}]}}