{"id":142116,"date":"2019-08-12T18:50:50","date_gmt":"2019-08-12T23:50:50","guid":{"rendered":"http:\/\/vertienteglobal.com\/?p=142116"},"modified":"2019-08-13T00:28:11","modified_gmt":"2019-08-13T05:28:11","slug":"gestiona-gobierno-que-se-incluya-a-tabasco-en-el-catalogo-de-localidades-indigenas-mario-llergo-latournerie","status":"publish","type":"post","link":"http:\/\/vertienteglobal.com\/?p=142116","title":{"rendered":"Gestiona Gobierno que se incluya a Tabasco en el Catalogo de Localidades Ind\u00edgenas: Mario Llergo Latournerie"},"content":{"rendered":"\n<div class=\"twitterbutton\" style=\"float: right; padding-left: 5px;\"><a href=\"http:\/\/twitter.com\/share\" class=\"twitter-share-button\" data-count=\"horizontal\" data-text=\"Gestiona Gobierno que se incluya a Tabasco en el Catalogo de Localidades Ind\u00edge...\" data-via=\"https:\/\/twitter.com\/VertienteGloba1\" data-url=\"http:\/\/vertienteglobal.com\/?p=142116\" data-lang=\"es\" data-related=\"Informaci\u00f3n general:S\u00edguenos para que est\u00e9ss informado\"><\/a><\/div>\n<figure class=\"wp-block-image\"><img loading=\"lazy\" decoding=\"async\" width=\"600\" height=\"338\" src=\"http:\/\/vertienteglobal.com\/wp-content\/uploads\/2019\/08\/Mario-Llergo-Latournerie.jpg\" alt=\"\" class=\"wp-image-142117\" srcset=\"http:\/\/vertienteglobal.com\/wp-content\/uploads\/2019\/08\/Mario-Llergo-Latournerie.jpg 600w, http:\/\/vertienteglobal.com\/wp-content\/uploads\/2019\/08\/Mario-Llergo-Latournerie-150x85.jpg 150w, http:\/\/vertienteglobal.com\/wp-content\/uploads\/2019\/08\/Mario-Llergo-Latournerie-300x169.jpg 300w\" sizes=\"auto, (max-width: 600px) 100vw, 600px\" \/><\/figure>\n\n\n\n<p> [Antonio Rivera] <br> Mario Llergo Latournerie, inform\u00f3 que por error administrativo la entidad fue excluida, pero que en breve se corregir\u00e1 la situaci\u00f3n para que los pueblos originarios de la entidad puedan acceder a los apoyos sociales federales<br> Nacajuca, Tabasco.- El Secretario de Bienestar, Sustentabilidad y Cambio Clim\u00e1tico, Mario Rafael Llergo Latournerie, inform\u00f3 que se est\u00e1n haciendo las gestiones ante la Federaci\u00f3n para que los pueblos originarios de Tabasco sean incluidos de nueva cuenta en el Cat\u00e1logo de Localidades Ind\u00edgenas, a fin de que este sector de la poblaci\u00f3n pueda acceder a los beneficios de los programas sociales federales.<br> Y es que en entrevista, el funcionario reconoci\u00f3 que por un error involuntario, el gobierno federal determin\u00f3 que en la entidad \u00abno existen\u00bb comunidades ind\u00edgenas, pero que el gobernador Ad\u00e1n Augusto L\u00f3pez Hern\u00e1ndez ya solicit\u00f3 que en lo inmediato se corrija la situaci\u00f3n.<br> \u201cEl gobernador ya llev\u00f3 el tema a la mesa federal, que sin ninguna duda en los pr\u00f3ximos d\u00edas se tendr\u00e1 que resolver\u201d, coment\u00f3 al subrayar que la Secretar\u00eda de Bienestar est\u00e1 atendido de manera oportuna a pobladores de comunidades como Tamult\u00e9 de las Sabanas y de la Villa Benito Ju\u00e1rez, de Centro y Macuspana respectivamente, que no han recibo  el pago del beneficio de adultos mayores por esta omisi\u00f3n.<br> Tras acompa\u00f1ar al mandatario estatal en gira de trabajo por esa demarcaci\u00f3n, donde se dio banderazo de inicio a obras de pavimentaci\u00f3n, drenaje y alcantarillado, Mario Llergo precis\u00f3 que Tabasco tiene presencia ind\u00edgena en 9 de los 17 municipios, cuyos habitantes no se pueden registrar para acceder a los apoyos sociales que otorga el Gobierno Federal.<br> \u201cEl sistema donde se carga la poblaci\u00f3n de los programas federales, no permite capturar y hacer efectivos los apoyos\u201d, precis\u00f3 al detallar  dicho cat\u00e1logo, es un documento validado por el Instituto Nacional de Estad\u00edstica y Geograf\u00eda (INEGI) y el Consejo Nacional de Poblaci\u00f3n (Conapo).<br> Cuestionado en torno a que si el Gobierno de Tabasco solicitar\u00e1 sanci\u00f3n para el responsable de la exclusi\u00f3n de los pueblos ind\u00edgenas de Tabasco, expres\u00f3 que se trata de una cuesti\u00f3n administrativa que puede resolverse.<\/p>\n","protected":false},"excerpt":{"rendered":"<p>[Antonio Rivera] Mario Llergo Latournerie, inform\u00f3 que por error administrativo la entidad fue excluida, pero que en breve se corregir\u00e1 la situaci\u00f3n para que los pueblos originarios de la entidad puedan acceder a los apoyos sociales federales Nacajuca, Tabasco.- El Secretario de Bienestar, Sustentabilidad y Cambio Clim\u00e1tico, Mario Rafael Llergo Latournerie, inform\u00f3 que se est\u00e1n [&hellip;]<\/p>\n","protected":false},"author":1,"featured_media":142117,"comment_status":"open","ping_status":"open","sticky":false,"template":"","format":"standard","meta":{"footnotes":""},"categories":[5],"tags":[],"class_list":["post-142116","post","type-post","status-publish","format-standard","has-post-thumbnail","hentry","category-tabasco","entry","has-media"],"jetpack_featured_media_url":"http:\/\/vertienteglobal.com\/wp-content\/uploads\/2019\/08\/Mario-Llergo-Latournerie.jpg","_links":{"self":[{"href":"http:\/\/vertienteglobal.com\/index.php?rest_route=\/wp\/v2\/posts\/142116","targetHints":{"allow":["GET"]}}],"collection":[{"href":"http:\/\/vertienteglobal.com\/index.php?rest_route=\/wp\/v2\/posts"}],"about":[{"href":"http:\/\/vertienteglobal.com\/index.php?rest_route=\/wp\/v2\/types\/post"}],"author":[{"embeddable":true,"href":"http:\/\/vertienteglobal.com\/index.php?rest_route=\/wp\/v2\/users\/1"}],"replies":[{"embeddable":true,"href":"http:\/\/vertienteglobal.com\/index.php?rest_route=%2Fwp%2Fv2%2Fcomments&post=142116"}],"version-history":[{"count":0,"href":"http:\/\/vertienteglobal.com\/index.php?rest_route=\/wp\/v2\/posts\/142116\/revisions"}],"wp:featuredmedia":[{"embeddable":true,"href":"http:\/\/vertienteglobal.com\/index.php?rest_route=\/wp\/v2\/media\/142117"}],"wp:attachment":[{"href":"http:\/\/vertienteglobal.com\/index.php?rest_route=%2Fwp%2Fv2%2Fmedia&parent=142116"}],"wp:term":[{"taxonomy":"category","embeddable":true,"href":"http:\/\/vertienteglobal.com\/index.php?rest_route=%2Fwp%2Fv2%2Fcategories&post=142116"},{"taxonomy":"post_tag","embeddable":true,"href":"http:\/\/vertienteglobal.com\/index.php?rest_route=%2Fwp%2Fv2%2Ftags&post=142116"}],"curies":[{"name":"wp","href":"https:\/\/api.w.org\/{rel}","templated":true}]}}