{"id":141912,"date":"2019-08-05T18:40:21","date_gmt":"2019-08-05T23:40:21","guid":{"rendered":"http:\/\/vertienteglobal.com\/?p=141912"},"modified":"2019-08-05T23:41:58","modified_gmt":"2019-08-06T04:41:58","slug":"alejandro-moreno-cardenas-con-amplia-ventaja-en-la-ultima-encuesta-de-el-universal","status":"publish","type":"post","link":"http:\/\/vertienteglobal.com\/?p=141912","title":{"rendered":"Alejandro Moreno C\u00e1rdenas, con amplia ventaja en la \u00faltima encuesta de El Universal"},"content":{"rendered":"\n<div class=\"twitterbutton\" style=\"float: right; padding-left: 5px;\"><a href=\"http:\/\/twitter.com\/share\" class=\"twitter-share-button\" data-count=\"horizontal\" data-text=\"Alejandro Moreno C\u00e1rdenas, con amplia ventaja en la \u00faltima encuesta de El Univ...\" data-via=\"https:\/\/twitter.com\/VertienteGloba1\" data-url=\"http:\/\/vertienteglobal.com\/?p=141912\" data-lang=\"es\" data-related=\"Informaci\u00f3n general:S\u00edguenos para que est\u00e9ss informado\"><\/a><\/div>\n<figure class=\"wp-block-image\"><img loading=\"lazy\" decoding=\"async\" width=\"600\" height=\"434\" src=\"http:\/\/vertienteglobal.com\/wp-content\/uploads\/2019\/08\/encuesta-pri-alito.png\" alt=\"\" class=\"wp-image-141913\" srcset=\"http:\/\/vertienteglobal.com\/wp-content\/uploads\/2019\/08\/encuesta-pri-alito.png 600w, http:\/\/vertienteglobal.com\/wp-content\/uploads\/2019\/08\/encuesta-pri-alito-150x109.png 150w, http:\/\/vertienteglobal.com\/wp-content\/uploads\/2019\/08\/encuesta-pri-alito-300x217.png 300w\" sizes=\"auto, (max-width: 600px) 100vw, 600px\" \/><\/figure>\n\n\n\n<p> [Redacci\u00f3n]<br> Con la pregunta: \u201c\u00bfQui\u00e9n cree que tiene m\u00e1s posibilidades de ganar?, los datos arrojados son similares: 51% responde a favor del exgobernador de Campeche, en tanto que 20% opina que la victoria ser\u00e1 para la exmandataria de Yucat\u00e1n, mientras que s\u00f3lo el 8% cree que la triunfadora ser\u00e1 Pi\u00f1\u00f3n Rivera<br> Ciudad de M\u00e9xico.- En v\u00edsperas de la elecci\u00f3n interna del Partido Revolucionario Institucional (PRI) para definir qui\u00e9n dirigir\u00e1 este instituto pol\u00edtico, el candidato Alejandro Moreno C\u00e1rdenas, Alito, ampli\u00f3 su ventaja en la \u00faltima encuesta de El Universal, respecto a la publicada el pasado 15 de julio, sobre Ivonne Ortega Pacheco, contendiente tambi\u00e9n por la dirigencia.<br> Y es que a la pregunta de: \u201cSi tuviera que decidir en este momento, \u00bfpor cu\u00e1l candidato votar\u00eda para presidente del PRI?\u201d, 45% respondi\u00f3 que por Moreno C\u00e1rdenas, en tanto que 21% dijo que lo har\u00eda por Ortega Pacheco. En la medici\u00f3n pasada, publicada el 15 de julio, las cifras fueron de 42% y 27% respectivamente. Por su parte, 8% prefiere a la candidata Lorena Pi\u00f1\u00f3n Rivera.<br> Con la pregunta: \u201c\u00bfQui\u00e9n cree que tiene m\u00e1s posibilidades de ganar?, los datos arrojados son similares: 51% responde a favor del exgobernador de Campeche, en tanto que 20% opina que la victoria ser\u00e1 para la exmandataria de Yucat\u00e1n, mientras que s\u00f3lo el 8% cree que la triunfadora ser\u00e1 Pi\u00f1\u00f3n Rivera.<br> Fuente: El Universal https:\/\/www.eluniversal.com.mx\/nacion\/crece-la-ventaja-de-alejandro-moreno-para-dirigencia-priista<\/p>\n","protected":false},"excerpt":{"rendered":"<p>[Redacci\u00f3n] Con la pregunta: \u201c\u00bfQui\u00e9n cree que tiene m\u00e1s posibilidades de ganar?, los datos arrojados son similares: 51% responde a favor del exgobernador de Campeche, en tanto que 20% opina que la victoria ser\u00e1 para la exmandataria de Yucat\u00e1n, mientras que s\u00f3lo el 8% cree que la triunfadora ser\u00e1 Pi\u00f1\u00f3n Rivera Ciudad de M\u00e9xico.- En [&hellip;]<\/p>\n","protected":false},"author":1,"featured_media":141913,"comment_status":"open","ping_status":"open","sticky":false,"template":"","format":"standard","meta":{"footnotes":""},"categories":[4,8],"tags":[],"class_list":["post-141912","post","type-post","status-publish","format-standard","has-post-thumbnail","hentry","category-campeche","category-pais","entry","has-media"],"jetpack_featured_media_url":"http:\/\/vertienteglobal.com\/wp-content\/uploads\/2019\/08\/encuesta-pri-alito.png","_links":{"self":[{"href":"http:\/\/vertienteglobal.com\/index.php?rest_route=\/wp\/v2\/posts\/141912","targetHints":{"allow":["GET"]}}],"collection":[{"href":"http:\/\/vertienteglobal.com\/index.php?rest_route=\/wp\/v2\/posts"}],"about":[{"href":"http:\/\/vertienteglobal.com\/index.php?rest_route=\/wp\/v2\/types\/post"}],"author":[{"embeddable":true,"href":"http:\/\/vertienteglobal.com\/index.php?rest_route=\/wp\/v2\/users\/1"}],"replies":[{"embeddable":true,"href":"http:\/\/vertienteglobal.com\/index.php?rest_route=%2Fwp%2Fv2%2Fcomments&post=141912"}],"version-history":[{"count":0,"href":"http:\/\/vertienteglobal.com\/index.php?rest_route=\/wp\/v2\/posts\/141912\/revisions"}],"wp:featuredmedia":[{"embeddable":true,"href":"http:\/\/vertienteglobal.com\/index.php?rest_route=\/wp\/v2\/media\/141913"}],"wp:attachment":[{"href":"http:\/\/vertienteglobal.com\/index.php?rest_route=%2Fwp%2Fv2%2Fmedia&parent=141912"}],"wp:term":[{"taxonomy":"category","embeddable":true,"href":"http:\/\/vertienteglobal.com\/index.php?rest_route=%2Fwp%2Fv2%2Fcategories&post=141912"},{"taxonomy":"post_tag","embeddable":true,"href":"http:\/\/vertienteglobal.com\/index.php?rest_route=%2Fwp%2Fv2%2Ftags&post=141912"}],"curies":[{"name":"wp","href":"https:\/\/api.w.org\/{rel}","templated":true}]}}