{"id":141851,"date":"2019-08-03T19:32:03","date_gmt":"2019-08-04T00:32:03","guid":{"rendered":"http:\/\/vertienteglobal.com\/?p=141851"},"modified":"2019-08-05T00:33:41","modified_gmt":"2019-08-05T05:33:41","slug":"buscan-industrializar-produccion-de-pina-en-el-sur-de-veracruz","status":"publish","type":"post","link":"http:\/\/vertienteglobal.com\/?p=141851","title":{"rendered":"Buscan industrializar producci\u00f3n de pi\u00f1a en el sur de Veracruz"},"content":{"rendered":"\n<div class=\"twitterbutton\" style=\"float: right; padding-left: 5px;\"><a href=\"http:\/\/twitter.com\/share\" class=\"twitter-share-button\" data-count=\"horizontal\" data-text=\"Buscan industrializar producci\u00f3n de pi\u00f1a en el sur de Veracruz\" data-via=\"https:\/\/twitter.com\/VertienteGloba1\" data-url=\"http:\/\/vertienteglobal.com\/?p=141851\" data-lang=\"es\" data-related=\"Informaci\u00f3n general:S\u00edguenos para que est\u00e9ss informado\"><\/a><\/div>\n<figure class=\"wp-block-image\"><img loading=\"lazy\" decoding=\"async\" width=\"600\" height=\"335\" src=\"http:\/\/vertienteglobal.com\/wp-content\/uploads\/2019\/08\/Buscan-industrializar-producci\u00f3n-de-pi\u00f1a.jpg\" alt=\"\" class=\"wp-image-141852\" srcset=\"http:\/\/vertienteglobal.com\/wp-content\/uploads\/2019\/08\/Buscan-industrializar-producci\u00f3n-de-pi\u00f1a.jpg 600w, http:\/\/vertienteglobal.com\/wp-content\/uploads\/2019\/08\/Buscan-industrializar-producci\u00f3n-de-pi\u00f1a-150x84.jpg 150w, http:\/\/vertienteglobal.com\/wp-content\/uploads\/2019\/08\/Buscan-industrializar-producci\u00f3n-de-pi\u00f1a-300x168.jpg 300w\" sizes=\"auto, (max-width: 600px) 100vw, 600px\" \/><\/figure>\n\n\n\n<p> [Redacci\u00f3n]<br> Molina Landa se\u00f1al\u00f3 que en temporada alta se exportan alrededor de 300 toneladas diarias de pi\u00f1a al principal pa\u00eds consumidor, Estados Unidos, actualmente son cerca de 150 toneladas<br> La Isla, Veracruz.- Productores de pi\u00f1a del municipio de Isla, al sur de Veracruz, buscan que empresarios inviertan en la industrializaci\u00f3n de este alimento, para generar un mayor aprovechamiento de la cosecha y activar la econom\u00eda de la zona.<br> El alcalde Fernando Molina Landa se\u00f1al\u00f3 que en temporada alta se exportan alrededor de 300 toneladas diarias de pi\u00f1a al principal pa\u00eds consumidor, Estados Unidos, actualmente son cerca de 150 toneladas.<br> Dijo: \u00abSomos el productor n\u00famero uno en pi\u00f1a y somos una zona altamente productiva (..) el acercamiento que tenemos con el sector privado es por la gran \u00e1rea de oportunidades que tenemos, somos productores no industriales y es lo que nos est\u00e1 faltando, el valor agregado a nuestros productos\u00bb. <br> Reconoci\u00f3 que se han reducido los apoyos para el campo por parte del gobierno federal, por lo que los productores isle\u00f1os est\u00e1n buscando la forma de salir adelante y una de estas formas es invitar a inversionistas a crear industrias en la que se produzcan alimentos derivados de la pi\u00f1a.<br> Ante esta necesidad, el alcalde se reuni\u00f3 con empresarios del Consejo Coordinador Empresarial en Veracruz, a quien present\u00f3 la producci\u00f3n actual en su municipio y los proyectos que se buscan crear.<\/p>\n","protected":false},"excerpt":{"rendered":"<p>[Redacci\u00f3n] Molina Landa se\u00f1al\u00f3 que en temporada alta se exportan alrededor de 300 toneladas diarias de pi\u00f1a al principal pa\u00eds consumidor, Estados Unidos, actualmente son cerca de 150 toneladas La Isla, Veracruz.- Productores de pi\u00f1a del municipio de Isla, al sur de Veracruz, buscan que empresarios inviertan en la industrializaci\u00f3n de este alimento, para generar [&hellip;]<\/p>\n","protected":false},"author":1,"featured_media":141852,"comment_status":"open","ping_status":"open","sticky":false,"template":"","format":"standard","meta":{"footnotes":""},"categories":[7],"tags":[],"class_list":["post-141851","post","type-post","status-publish","format-standard","has-post-thumbnail","hentry","category-veracruz","entry","has-media"],"jetpack_featured_media_url":"http:\/\/vertienteglobal.com\/wp-content\/uploads\/2019\/08\/Buscan-industrializar-producci\u00f3n-de-pi\u00f1a.jpg","_links":{"self":[{"href":"http:\/\/vertienteglobal.com\/index.php?rest_route=\/wp\/v2\/posts\/141851","targetHints":{"allow":["GET"]}}],"collection":[{"href":"http:\/\/vertienteglobal.com\/index.php?rest_route=\/wp\/v2\/posts"}],"about":[{"href":"http:\/\/vertienteglobal.com\/index.php?rest_route=\/wp\/v2\/types\/post"}],"author":[{"embeddable":true,"href":"http:\/\/vertienteglobal.com\/index.php?rest_route=\/wp\/v2\/users\/1"}],"replies":[{"embeddable":true,"href":"http:\/\/vertienteglobal.com\/index.php?rest_route=%2Fwp%2Fv2%2Fcomments&post=141851"}],"version-history":[{"count":0,"href":"http:\/\/vertienteglobal.com\/index.php?rest_route=\/wp\/v2\/posts\/141851\/revisions"}],"wp:featuredmedia":[{"embeddable":true,"href":"http:\/\/vertienteglobal.com\/index.php?rest_route=\/wp\/v2\/media\/141852"}],"wp:attachment":[{"href":"http:\/\/vertienteglobal.com\/index.php?rest_route=%2Fwp%2Fv2%2Fmedia&parent=141851"}],"wp:term":[{"taxonomy":"category","embeddable":true,"href":"http:\/\/vertienteglobal.com\/index.php?rest_route=%2Fwp%2Fv2%2Fcategories&post=141851"},{"taxonomy":"post_tag","embeddable":true,"href":"http:\/\/vertienteglobal.com\/index.php?rest_route=%2Fwp%2Fv2%2Ftags&post=141851"}],"curies":[{"name":"wp","href":"https:\/\/api.w.org\/{rel}","templated":true}]}}