{"id":141842,"date":"2019-08-03T12:50:16","date_gmt":"2019-08-03T17:50:16","guid":{"rendered":"http:\/\/vertienteglobal.com\/?p=141842"},"modified":"2019-08-05T00:26:53","modified_gmt":"2019-08-05T05:26:53","slug":"arranca-gobernador-obras-en-el-municipio-de-veracruz","status":"publish","type":"post","link":"http:\/\/vertienteglobal.com\/?p=141842","title":{"rendered":"Arranca Gobernador obras en el municipio de Veracruz"},"content":{"rendered":"\n<div class=\"twitterbutton\" style=\"float: right; padding-left: 5px;\"><a href=\"http:\/\/twitter.com\/share\" class=\"twitter-share-button\" data-count=\"horizontal\" data-text=\"Arranca Gobernador obras en el municipio de Veracruz\" data-via=\"https:\/\/twitter.com\/VertienteGloba1\" data-url=\"http:\/\/vertienteglobal.com\/?p=141842\" data-lang=\"es\" data-related=\"Informaci\u00f3n general:S\u00edguenos para que est\u00e9ss informado\"><\/a><\/div>\n<figure class=\"wp-block-image\"><img loading=\"lazy\" decoding=\"async\" width=\"600\" height=\"361\" src=\"http:\/\/vertienteglobal.com\/wp-content\/uploads\/2019\/08\/Arranca-Gobernador-obras-en-el-municipio-de-Veracruz.jpg\" alt=\"\" class=\"wp-image-141843\" srcset=\"http:\/\/vertienteglobal.com\/wp-content\/uploads\/2019\/08\/Arranca-Gobernador-obras-en-el-municipio-de-Veracruz.jpg 600w, http:\/\/vertienteglobal.com\/wp-content\/uploads\/2019\/08\/Arranca-Gobernador-obras-en-el-municipio-de-Veracruz-150x90.jpg 150w, http:\/\/vertienteglobal.com\/wp-content\/uploads\/2019\/08\/Arranca-Gobernador-obras-en-el-municipio-de-Veracruz-300x181.jpg 300w\" sizes=\"auto, (max-width: 600px) 100vw, 600px\" \/><\/figure>\n\n\n\n<p> [Redacci\u00f3n]<br> Garc\u00eda Jim\u00e9nez precis\u00f3 que se trat\u00f3 de una gesti\u00f3n del legislador del distrito, luego de que vecinos hicieron diversas peticiones<br> Veracruz, Veracruz.- El gobernador de Veracruz, Cuitl\u00e1huac Garc\u00eda Jim\u00e9nez, arranc\u00f3 una obra de pavimentaci\u00f3n en la colonia L\u00f3pez Mateos en el municipio de Veracruz. <br> Se trata de la pavimentaci\u00f3n con concreto hidr\u00e1ulico y carpeta asf\u00e1ltica en las calles Pino Su\u00e1rez, Abelardo Rodr\u00edguez, Alfredo Bonfil y Manuel \u00c1vila Camacho de la mencionada colonia.<br> En el evento de arranque se inform\u00f3 que se trata de una inversi\u00f3n de 27 millones de pesos de recursos estatales. <br> Garc\u00eda Jim\u00e9nez precis\u00f3 que se trat\u00f3 de una gesti\u00f3n del legislador del distrito, luego de que vecinos hicieron diversas peticiones.<\/p>\n","protected":false},"excerpt":{"rendered":"<p>[Redacci\u00f3n] Garc\u00eda Jim\u00e9nez precis\u00f3 que se trat\u00f3 de una gesti\u00f3n del legislador del distrito, luego de que vecinos hicieron diversas peticiones Veracruz, Veracruz.- El gobernador de Veracruz, Cuitl\u00e1huac Garc\u00eda Jim\u00e9nez, arranc\u00f3 una obra de pavimentaci\u00f3n en la colonia L\u00f3pez Mateos en el municipio de Veracruz. Se trata de la pavimentaci\u00f3n con concreto hidr\u00e1ulico y carpeta [&hellip;]<\/p>\n","protected":false},"author":1,"featured_media":141843,"comment_status":"open","ping_status":"open","sticky":false,"template":"","format":"standard","meta":{"footnotes":""},"categories":[7],"tags":[],"class_list":["post-141842","post","type-post","status-publish","format-standard","has-post-thumbnail","hentry","category-veracruz","entry","has-media"],"jetpack_featured_media_url":"http:\/\/vertienteglobal.com\/wp-content\/uploads\/2019\/08\/Arranca-Gobernador-obras-en-el-municipio-de-Veracruz.jpg","_links":{"self":[{"href":"http:\/\/vertienteglobal.com\/index.php?rest_route=\/wp\/v2\/posts\/141842","targetHints":{"allow":["GET"]}}],"collection":[{"href":"http:\/\/vertienteglobal.com\/index.php?rest_route=\/wp\/v2\/posts"}],"about":[{"href":"http:\/\/vertienteglobal.com\/index.php?rest_route=\/wp\/v2\/types\/post"}],"author":[{"embeddable":true,"href":"http:\/\/vertienteglobal.com\/index.php?rest_route=\/wp\/v2\/users\/1"}],"replies":[{"embeddable":true,"href":"http:\/\/vertienteglobal.com\/index.php?rest_route=%2Fwp%2Fv2%2Fcomments&post=141842"}],"version-history":[{"count":0,"href":"http:\/\/vertienteglobal.com\/index.php?rest_route=\/wp\/v2\/posts\/141842\/revisions"}],"wp:featuredmedia":[{"embeddable":true,"href":"http:\/\/vertienteglobal.com\/index.php?rest_route=\/wp\/v2\/media\/141843"}],"wp:attachment":[{"href":"http:\/\/vertienteglobal.com\/index.php?rest_route=%2Fwp%2Fv2%2Fmedia&parent=141842"}],"wp:term":[{"taxonomy":"category","embeddable":true,"href":"http:\/\/vertienteglobal.com\/index.php?rest_route=%2Fwp%2Fv2%2Fcategories&post=141842"},{"taxonomy":"post_tag","embeddable":true,"href":"http:\/\/vertienteglobal.com\/index.php?rest_route=%2Fwp%2Fv2%2Ftags&post=141842"}],"curies":[{"name":"wp","href":"https:\/\/api.w.org\/{rel}","templated":true}]}}