{"id":141614,"date":"2019-07-24T11:49:37","date_gmt":"2019-07-24T16:49:37","guid":{"rendered":"http:\/\/vertienteglobal.com\/?p=141614"},"modified":"2019-07-25T11:07:16","modified_gmt":"2019-07-25T16:07:16","slug":"aventaja-alejandro-moreno-cardenas-entre-los-candidatos-a-dirigir-la-presidencia-nacional-del-pri","status":"publish","type":"post","link":"http:\/\/vertienteglobal.com\/?p=141614","title":{"rendered":"Aventaja Alejandro Moreno C\u00e1rdenas entre los candidatos a dirigir la presidencia nacional del PRI"},"content":{"rendered":"\n<div class=\"twitterbutton\" style=\"float: right; padding-left: 5px;\"><a href=\"http:\/\/twitter.com\/share\" class=\"twitter-share-button\" data-count=\"horizontal\" data-text=\"Aventaja Alejandro Moreno C\u00e1rdenas entre los candidatos a dirigir la presidenci...\" data-via=\"https:\/\/twitter.com\/VertienteGloba1\" data-url=\"http:\/\/vertienteglobal.com\/?p=141614\" data-lang=\"es\" data-related=\"Informaci\u00f3n general:S\u00edguenos para que est\u00e9ss informado\"><\/a><\/div>\n<figure class=\"wp-block-image\"><img loading=\"lazy\" decoding=\"async\" width=\"600\" height=\"342\" src=\"http:\/\/vertienteglobal.com\/wp-content\/uploads\/2019\/07\/Alito-1.jpg\" alt=\"\" class=\"wp-image-141615\" srcset=\"http:\/\/vertienteglobal.com\/wp-content\/uploads\/2019\/07\/Alito-1.jpg 600w, http:\/\/vertienteglobal.com\/wp-content\/uploads\/2019\/07\/Alito-1-150x86.jpg 150w, http:\/\/vertienteglobal.com\/wp-content\/uploads\/2019\/07\/Alito-1-300x171.jpg 300w\" sizes=\"auto, (max-width: 600px) 100vw, 600px\" \/><\/figure>\n\n\n\n<p> [Redacci\u00f3n]<br> La informaci\u00f3n referida fue captada v\u00eda telef\u00f3nica, por medio del padr\u00f3n vigente de este instituto pol\u00edtico, los cuales refirieron contar con credencial para votar actualizada y validados por el Instituto Nacional Electoral como militantes activos<br> Ciudad de M\u00e9xico.- De acuerdo a los resultados de una encuesta realizada por Anal\u00edtica Media, tras la realizaci\u00f3n del primer debate entre los candidatos a dirigir la presidencia nacional del Partido Revolucionario Institucional, Alejandro Moreno C\u00e1rdenas, marca las preferencias entre la militancia de su partido con un 65% contra un 24% que registra su principal oponente, Ivonne Ortega Pacheco y un 6% para Lorena Pi\u00f1\u00f3n.<br> La encuesta se llev\u00f3 a cabo con una muestra de 16,300 militantes del PRI, distribuidos de forma aleatoria en las 32 entidades de la Rep\u00fablica Mexicana, los d\u00edas 19, 20 y 21 de julio. El margen de error se estima de +\/-5% y un nivel de confianza del 95%.<br> La informaci\u00f3n referida fue captada v\u00eda telef\u00f3nica, por medio del padr\u00f3n vigente de este instituto pol\u00edtico, los cuales refirieron contar con credencial para votar actualizada y validados por el Instituto Nacional Electoral como militantes activos.<br> A los encuestados tambi\u00e9n se les pregunt\u00f3 que luego del primer debate, a quien considera el mejor perfil para ocupar el cargo, en la que tambi\u00e9n el campechano obtuvo ventaja de un 65%, contra un 22% de Ortega Pacheco y un 9% de Pi\u00f1\u00f3n Rivera.<\/p>\n","protected":false},"excerpt":{"rendered":"<p>[Redacci\u00f3n] La informaci\u00f3n referida fue captada v\u00eda telef\u00f3nica, por medio del padr\u00f3n vigente de este instituto pol\u00edtico, los cuales refirieron contar con credencial para votar actualizada y validados por el Instituto Nacional Electoral como militantes activos Ciudad de M\u00e9xico.- De acuerdo a los resultados de una encuesta realizada por Anal\u00edtica Media, tras la realizaci\u00f3n del [&hellip;]<\/p>\n","protected":false},"author":1,"featured_media":141615,"comment_status":"open","ping_status":"open","sticky":false,"template":"","format":"standard","meta":{"footnotes":""},"categories":[8],"tags":[],"class_list":["post-141614","post","type-post","status-publish","format-standard","has-post-thumbnail","hentry","category-pais","entry","has-media"],"jetpack_featured_media_url":"http:\/\/vertienteglobal.com\/wp-content\/uploads\/2019\/07\/Alito-1.jpg","_links":{"self":[{"href":"http:\/\/vertienteglobal.com\/index.php?rest_route=\/wp\/v2\/posts\/141614","targetHints":{"allow":["GET"]}}],"collection":[{"href":"http:\/\/vertienteglobal.com\/index.php?rest_route=\/wp\/v2\/posts"}],"about":[{"href":"http:\/\/vertienteglobal.com\/index.php?rest_route=\/wp\/v2\/types\/post"}],"author":[{"embeddable":true,"href":"http:\/\/vertienteglobal.com\/index.php?rest_route=\/wp\/v2\/users\/1"}],"replies":[{"embeddable":true,"href":"http:\/\/vertienteglobal.com\/index.php?rest_route=%2Fwp%2Fv2%2Fcomments&post=141614"}],"version-history":[{"count":0,"href":"http:\/\/vertienteglobal.com\/index.php?rest_route=\/wp\/v2\/posts\/141614\/revisions"}],"wp:featuredmedia":[{"embeddable":true,"href":"http:\/\/vertienteglobal.com\/index.php?rest_route=\/wp\/v2\/media\/141615"}],"wp:attachment":[{"href":"http:\/\/vertienteglobal.com\/index.php?rest_route=%2Fwp%2Fv2%2Fmedia&parent=141614"}],"wp:term":[{"taxonomy":"category","embeddable":true,"href":"http:\/\/vertienteglobal.com\/index.php?rest_route=%2Fwp%2Fv2%2Fcategories&post=141614"},{"taxonomy":"post_tag","embeddable":true,"href":"http:\/\/vertienteglobal.com\/index.php?rest_route=%2Fwp%2Fv2%2Ftags&post=141614"}],"curies":[{"name":"wp","href":"https:\/\/api.w.org\/{rel}","templated":true}]}}