{"id":141453,"date":"2019-07-16T21:49:25","date_gmt":"2019-07-17T02:49:25","guid":{"rendered":"http:\/\/vertienteglobal.com\/?p=141453"},"modified":"2019-07-17T02:18:22","modified_gmt":"2019-07-17T07:18:22","slug":"conoce-la-nueva-imagen-de-twitter-en-su-version-web","status":"publish","type":"post","link":"http:\/\/vertienteglobal.com\/?p=141453","title":{"rendered":"Conoce la nueva imagen de Twitter en su versi\u00f3n web"},"content":{"rendered":"\n<div class=\"twitterbutton\" style=\"float: right; padding-left: 5px;\"><a href=\"http:\/\/twitter.com\/share\" class=\"twitter-share-button\" data-count=\"horizontal\" data-text=\"Conoce la nueva imagen de Twitter en su versi\u00f3n web\" data-via=\"https:\/\/twitter.com\/VertienteGloba1\" data-url=\"http:\/\/vertienteglobal.com\/?p=141453\" data-lang=\"es\" data-related=\"Informaci\u00f3n general:S\u00edguenos para que est\u00e9ss informado\"><\/a><\/div>\n<figure class=\"wp-block-image\"><img loading=\"lazy\" decoding=\"async\" width=\"600\" height=\"329\" src=\"http:\/\/vertienteglobal.com\/wp-content\/uploads\/2019\/07\/nueva-imagen-de-Twitter.jpg\" alt=\"\" class=\"wp-image-141454\" srcset=\"http:\/\/vertienteglobal.com\/wp-content\/uploads\/2019\/07\/nueva-imagen-de-Twitter.jpg 600w, http:\/\/vertienteglobal.com\/wp-content\/uploads\/2019\/07\/nueva-imagen-de-Twitter-150x82.jpg 150w, http:\/\/vertienteglobal.com\/wp-content\/uploads\/2019\/07\/nueva-imagen-de-Twitter-300x165.jpg 300w\" sizes=\"auto, (max-width: 600px) 100vw, 600px\" \/><\/figure>\n\n\n\n<p> [Redacci\u00f3n]<br> Inform\u00f3 que al ingresar al perfil ya no se va a poder observar la gran imagen de portada que, antes, ocupaba gran parte de la pantalla<br> Ciudad de M\u00e9xico.- La nueva imagen de Twitter en su versi\u00f3n web de escritorio ya est\u00e1 habilitada para todos los usuarios, la red social hab\u00eda empezado a desarrollar la interfaz desde hace unos meses atr\u00e1s, no obstante, consist\u00eda en una prueba limitada para algunos individuos, dejando a un lado el cambio de dise\u00f1o, tambi\u00e9n se hizo una mejora en la experiencia de navegaci\u00f3n y se a\u00f1adi\u00f3 otro modo oscuro totalmente negro, el mismo que lleg\u00f3 en la aplicaci\u00f3n m\u00f3vil a final del mes de marzo.<br> En un vistazo r\u00e1pido, la interfaz se puede observar m\u00e1s simple y sit\u00faa todas las opciones de navegaci\u00f3n en la barra lateral izquierda, ya que la barra superior ya no est\u00e1, desde este sitio ahora es m\u00e1s f\u00e1cil ingresar a las secciones Explorar, Notificaciones, tweets guardados, Mensajes, Listas y al perfil del usuario.<br> En la parte inferior hallamos un bot\u00f3n que expone un segundo men\u00fa con distintas secciones como analytics, la configuraci\u00f3n y privacidad, el centro de ayuda y la personalizaci\u00f3n visual, por decir algunas, en esta \u00faltima zona, adem\u00e1s de poder elegir el modo oscuro, tambi\u00e9n se puede hacer una modificaci\u00f3n al tama\u00f1o de letra y seleccionar un color que predominar\u00e1 en toda la web.<br> Cabe mencionar que al ingresar al perfil ya no se va a poder observar la gran imagen de portada que, antes, ocupaba gran parte de la pantalla. <br> Sus dimensiones fueron reducidas de manera significativa y \u00fanicamente est\u00e1 visible en la columna central. <br> En la barra lateral se encuentran las tendencias y \u2018Buscar en Twitter\u2019 en su parte superior.<\/p>\n\n\n\n<figure class=\"wp-block-image\"><img loading=\"lazy\" decoding=\"async\" width=\"600\" height=\"639\" src=\"http:\/\/vertienteglobal.com\/wp-content\/uploads\/2019\/07\/Nueva-imagen-de-Twitter01.jpg\" alt=\"\" class=\"wp-image-141455\" srcset=\"http:\/\/vertienteglobal.com\/wp-content\/uploads\/2019\/07\/Nueva-imagen-de-Twitter01.jpg 600w, http:\/\/vertienteglobal.com\/wp-content\/uploads\/2019\/07\/Nueva-imagen-de-Twitter01-141x150.jpg 141w, http:\/\/vertienteglobal.com\/wp-content\/uploads\/2019\/07\/Nueva-imagen-de-Twitter01-282x300.jpg 282w\" sizes=\"auto, (max-width: 600px) 100vw, 600px\" \/><\/figure>\n","protected":false},"excerpt":{"rendered":"<p>[Redacci\u00f3n] Inform\u00f3 que al ingresar al perfil ya no se va a poder observar la gran imagen de portada que, antes, ocupaba gran parte de la pantalla Ciudad de M\u00e9xico.- La nueva imagen de Twitter en su versi\u00f3n web de escritorio ya est\u00e1 habilitada para todos los usuarios, la red social hab\u00eda empezado a desarrollar [&hellip;]<\/p>\n","protected":false},"author":1,"featured_media":141454,"comment_status":"open","ping_status":"open","sticky":false,"template":"","format":"standard","meta":{"footnotes":""},"categories":[8],"tags":[],"class_list":["post-141453","post","type-post","status-publish","format-standard","has-post-thumbnail","hentry","category-pais","entry","has-media"],"jetpack_featured_media_url":"http:\/\/vertienteglobal.com\/wp-content\/uploads\/2019\/07\/nueva-imagen-de-Twitter.jpg","_links":{"self":[{"href":"http:\/\/vertienteglobal.com\/index.php?rest_route=\/wp\/v2\/posts\/141453","targetHints":{"allow":["GET"]}}],"collection":[{"href":"http:\/\/vertienteglobal.com\/index.php?rest_route=\/wp\/v2\/posts"}],"about":[{"href":"http:\/\/vertienteglobal.com\/index.php?rest_route=\/wp\/v2\/types\/post"}],"author":[{"embeddable":true,"href":"http:\/\/vertienteglobal.com\/index.php?rest_route=\/wp\/v2\/users\/1"}],"replies":[{"embeddable":true,"href":"http:\/\/vertienteglobal.com\/index.php?rest_route=%2Fwp%2Fv2%2Fcomments&post=141453"}],"version-history":[{"count":0,"href":"http:\/\/vertienteglobal.com\/index.php?rest_route=\/wp\/v2\/posts\/141453\/revisions"}],"wp:featuredmedia":[{"embeddable":true,"href":"http:\/\/vertienteglobal.com\/index.php?rest_route=\/wp\/v2\/media\/141454"}],"wp:attachment":[{"href":"http:\/\/vertienteglobal.com\/index.php?rest_route=%2Fwp%2Fv2%2Fmedia&parent=141453"}],"wp:term":[{"taxonomy":"category","embeddable":true,"href":"http:\/\/vertienteglobal.com\/index.php?rest_route=%2Fwp%2Fv2%2Fcategories&post=141453"},{"taxonomy":"post_tag","embeddable":true,"href":"http:\/\/vertienteglobal.com\/index.php?rest_route=%2Fwp%2Fv2%2Ftags&post=141453"}],"curies":[{"name":"wp","href":"https:\/\/api.w.org\/{rel}","templated":true}]}}