{"id":141298,"date":"2019-07-14T09:30:31","date_gmt":"2019-07-14T14:30:31","guid":{"rendered":"http:\/\/vertienteglobal.com\/?p=141298"},"modified":"2019-07-14T22:40:13","modified_gmt":"2019-07-15T03:40:13","slug":"rico-y-delicioso-arandano","status":"publish","type":"post","link":"http:\/\/vertienteglobal.com\/?p=141298","title":{"rendered":"Rico y delicioso ar\u00e1ndano"},"content":{"rendered":"\n<div class=\"twitterbutton\" style=\"float: right; padding-left: 5px;\"><a href=\"http:\/\/twitter.com\/share\" class=\"twitter-share-button\" data-count=\"horizontal\" data-text=\"Rico y delicioso ar\u00e1ndano\" data-via=\"https:\/\/twitter.com\/VertienteGloba1\" data-url=\"http:\/\/vertienteglobal.com\/?p=141298\" data-lang=\"es\" data-related=\"Informaci\u00f3n general:S\u00edguenos para que est\u00e9ss informado\"><\/a><\/div>\n<figure class=\"wp-block-image\"><img loading=\"lazy\" decoding=\"async\" width=\"600\" height=\"326\" src=\"http:\/\/vertienteglobal.com\/wp-content\/uploads\/2019\/07\/arandano_azul.jpg\" alt=\"\" class=\"wp-image-141299\" srcset=\"http:\/\/vertienteglobal.com\/wp-content\/uploads\/2019\/07\/arandano_azul.jpg 600w, http:\/\/vertienteglobal.com\/wp-content\/uploads\/2019\/07\/arandano_azul-150x82.jpg 150w, http:\/\/vertienteglobal.com\/wp-content\/uploads\/2019\/07\/arandano_azul-300x163.jpg 300w\" sizes=\"auto, (max-width: 600px) 100vw, 600px\" \/><\/figure>\n\n\n\n<p> [Redacci\u00f3n]<br> A continuaci\u00f3n, te presentamos algunos datos sobre el ar\u00e1ndano y su producci\u00f3n en M\u00e9xico<br> Ciudad de M\u00e9xico.- El ar\u00e1ndano pertenece a la familia de las eric\u00e1ceas, es una baya originaria del norte de Europa, Asia y Am\u00e9rica.<br> El ar\u00e1ndano se consume en fresco y se utiliza como insumo para una gran variedad de productos como mermeladas, pur\u00e9s, jugos, vinos e ingredientes para pasteler\u00eda y cereales; en algunos lugares tambi\u00e9n se vende congelado.<br> En nuestro pa\u00eds, Jalisco es el estado especializado en producci\u00f3n de ar\u00e1ndano azul, ya que goza de condiciones edafol\u00f3gicas y clim\u00e1ticas ideales para su cultivo; asimismo cuenta con toda la tecnolog\u00eda y recursos humanos de calidad para producirlos, pues las berries, en general, requieren de un tratamiento profesional y especializado para su comercializaci\u00f3n.<br> En 2018 se obtuvieron en M\u00e9xico m\u00e1s de 40 mil toneladas de ar\u00e1ndano, coloc\u00e1ndose como el tercer productor a nivel mundial.<br> La mayor parte de la producci\u00f3n nacional se exporta porque en nuestro pa\u00eds casi no se consume esta fruta, pues un mexicano consume en promedio 98 gramos de ar\u00e1ndano al a\u00f1o.<br> Estados Unidos es el principal comprador de ar\u00e1ndanos mexicanos, pero tambi\u00e9n se exporta a Jap\u00f3n, China, Singapur Pa\u00edses Bajos, Canad\u00e1, B\u00e9lgica, Italia, Emiratos \u00c1rabes Unidos y Arabia Saudita.<br> Despu\u00e9s de leer sobre el ar\u00e1ndano, \u00bfno se te antoja comerte unos?<\/p>\n","protected":false},"excerpt":{"rendered":"<p>[Redacci\u00f3n] A continuaci\u00f3n, te presentamos algunos datos sobre el ar\u00e1ndano y su producci\u00f3n en M\u00e9xico Ciudad de M\u00e9xico.- El ar\u00e1ndano pertenece a la familia de las eric\u00e1ceas, es una baya originaria del norte de Europa, Asia y Am\u00e9rica. El ar\u00e1ndano se consume en fresco y se utiliza como insumo para una gran variedad de productos [&hellip;]<\/p>\n","protected":false},"author":1,"featured_media":141299,"comment_status":"open","ping_status":"open","sticky":false,"template":"","format":"standard","meta":{"footnotes":""},"categories":[8],"tags":[],"class_list":["post-141298","post","type-post","status-publish","format-standard","has-post-thumbnail","hentry","category-pais","entry","has-media"],"jetpack_featured_media_url":"http:\/\/vertienteglobal.com\/wp-content\/uploads\/2019\/07\/arandano_azul.jpg","_links":{"self":[{"href":"http:\/\/vertienteglobal.com\/index.php?rest_route=\/wp\/v2\/posts\/141298","targetHints":{"allow":["GET"]}}],"collection":[{"href":"http:\/\/vertienteglobal.com\/index.php?rest_route=\/wp\/v2\/posts"}],"about":[{"href":"http:\/\/vertienteglobal.com\/index.php?rest_route=\/wp\/v2\/types\/post"}],"author":[{"embeddable":true,"href":"http:\/\/vertienteglobal.com\/index.php?rest_route=\/wp\/v2\/users\/1"}],"replies":[{"embeddable":true,"href":"http:\/\/vertienteglobal.com\/index.php?rest_route=%2Fwp%2Fv2%2Fcomments&post=141298"}],"version-history":[{"count":0,"href":"http:\/\/vertienteglobal.com\/index.php?rest_route=\/wp\/v2\/posts\/141298\/revisions"}],"wp:featuredmedia":[{"embeddable":true,"href":"http:\/\/vertienteglobal.com\/index.php?rest_route=\/wp\/v2\/media\/141299"}],"wp:attachment":[{"href":"http:\/\/vertienteglobal.com\/index.php?rest_route=%2Fwp%2Fv2%2Fmedia&parent=141298"}],"wp:term":[{"taxonomy":"category","embeddable":true,"href":"http:\/\/vertienteglobal.com\/index.php?rest_route=%2Fwp%2Fv2%2Fcategories&post=141298"},{"taxonomy":"post_tag","embeddable":true,"href":"http:\/\/vertienteglobal.com\/index.php?rest_route=%2Fwp%2Fv2%2Ftags&post=141298"}],"curies":[{"name":"wp","href":"https:\/\/api.w.org\/{rel}","templated":true}]}}