{"id":141244,"date":"2019-07-09T18:55:04","date_gmt":"2019-07-09T23:55:04","guid":{"rendered":"http:\/\/vertienteglobal.com\/?p=141244"},"modified":"2019-07-14T02:13:25","modified_gmt":"2019-07-14T07:13:25","slug":"gracias-a-la-cohesion-y-la-unidad-de-su-militancia-el-pri-sigue-siendo-la-mejor-opcion-de-gobierno-alejandro-moreno-cardenas","status":"publish","type":"post","link":"http:\/\/vertienteglobal.com\/?p=141244","title":{"rendered":"Gracias a la cohesi\u00f3n y la unidad de su militancia,  el  PRI sigue siendo la mejor opci\u00f3n de gobierno: Alejandro Moreno C\u00e1rdenas"},"content":{"rendered":"\n<div class=\"twitterbutton\" style=\"float: right; padding-left: 5px;\"><a href=\"http:\/\/twitter.com\/share\" class=\"twitter-share-button\" data-count=\"horizontal\" data-text=\"Gracias a la cohesi\u00f3n y la unidad de su militancia,  el  PRI sigue siendo la me...\" data-via=\"https:\/\/twitter.com\/VertienteGloba1\" data-url=\"http:\/\/vertienteglobal.com\/?p=141244\" data-lang=\"es\" data-related=\"Informaci\u00f3n general:S\u00edguenos para que est\u00e9ss informado\"><\/a><\/div>\n<figure class=\"wp-block-image\"><img loading=\"lazy\" decoding=\"async\" width=\"600\" height=\"379\" src=\"http:\/\/vertienteglobal.com\/wp-content\/uploads\/2019\/07\/colima-alito.jpg\" alt=\"\" class=\"wp-image-141245\" srcset=\"http:\/\/vertienteglobal.com\/wp-content\/uploads\/2019\/07\/colima-alito.jpg 600w, http:\/\/vertienteglobal.com\/wp-content\/uploads\/2019\/07\/colima-alito-150x95.jpg 150w, http:\/\/vertienteglobal.com\/wp-content\/uploads\/2019\/07\/colima-alito-300x190.jpg 300w\" sizes=\"auto, (max-width: 600px) 100vw, 600px\" \/><\/figure>\n\n\n\n<p>  [Redacci\u00f3n]<br> En nuestras venas corre ADN de la unidad, de la institucionalidad y del amor del PRI<br> Vamos a lograr la transformaci\u00f3n que el PRI necesita para devolverle su grandeza<br> Desde la dirigencia nacional vamos a seguir trabajando fuerte por y para los priistas<br> Con Carolina Viggiano Austria, recorremos el territorio nacional para escuchar y platicar con los militantes, porque su objetivo como dirigentes de este instituto pol\u00edtico, es trabajar con la base<br> Colima, Colima.- En la intensa gira que realizan por todo el pa\u00eds, en el marco de la campa\u00f1a por la dirigencia Comit\u00e9 Ejecutivo Nacional (CEN) del Partido Revolucionario Institucional (PRI), Alejandro Moreno C\u00e1rdenas y Carolina Viggiano Austria, candidatos por la Presidencia Nacional y Secretar\u00eda General, respectivamente, se reunieron este d\u00eda con la formidable militancia priista del estado de Colima, que los recibi\u00f3 con gran motivaci\u00f3n y esperanza por regresar al PRI al lugar que merece.<br> A la fuerza de la militancia priista proveniente de los diez municipios que conforman esta hermosa entidad, Moreno C\u00e1rdenas les asegur\u00f3 que, gracias a la cohesi\u00f3n y unidad de su militancia nacional, es que el PRI sigue siendo la mejor opci\u00f3n de Gobierno; y que su participaci\u00f3n es fundamental en todo momento, para volver a levantar al partido.<br> \u201cNos da mucho gusto estar en Colima; un estado de priistas de temple, de brazo firme y convicci\u00f3n inquebrantable. De priistas con vigor c\u00edvico, que dan todo por su tierra y por su pa\u00eds\u201d, sostuvo durante el encuentro que se llev\u00f3 a cabo en las instalaciones de la Feria de Todos los Santos, de la ciudad capital.<br> Indic\u00f3 que, junto con Carolina Viggiano, est\u00e1n recorriendo el territorio nacional para escuchar y platicar con los militantes, porque su objetivo como dirigentes de este instituto pol\u00edtico, es trabajar con la base, donde ellos decidan; con la fuerza de la unidad para transformar al PRI.<br> Se\u00f1al\u00f3 que muchas veces, ni el propio partido ha reconocido a la base que promueve siempre a los candidatos ante cualquier inclemencia del clima, y \u00e9l lo vivi\u00f3 en carne propia cuando se afili\u00f3, a la edad de 15 a\u00f1os. Por ello, \u201cestamos impulsando una nueva dirigencia, que est\u00e9 cercana, que camine todos y cada uno de los rincones de M\u00e9xico, de Colima\u201d.<br> Son muchos los retos, subray\u00f3, que tiene el Revolucionario Institucional para el futuro inmediato. Entre ellos, regresarlo a su cercan\u00eda con la gente, para lo cual, se requiere la unidad de \u00e9ste para lograr la renovaci\u00f3n que necesita; \u201cY ustedes, la esencia de nuestro partido es la que nos ayudar\u00e1 a salir adelante.<br> Reconoci\u00f3 que el partido no tuvo los mejores resultados en las pasadas elecciones, incluso, fueron las peores en su historia. No obstante, la base priista es fundamental para volver a erigirse. \u201cEl PRI sabe ganar y sabe perder, pero lo que sabe hacer mejor, es levantarse y volver a ganar. En el 2000, dec\u00edan que el PRI estaba en la lona y que iba a desaparecer; nos recuperamos y volvimos a competir, y a ganar\u201d.<br> Ante la base, sectores y dirigencia priista de Armer\u00eda, Comala, Coquimatl\u00e1n, Cuauht\u00e9moc, Ixtlahuac\u00e1n, Manzanillo, Minatitl\u00e1n, Tecom\u00e1n, Villa de \u00c1lvarez y Colima, a quienes pidi\u00f3 su apoyo para ganar la dirigencia del CEN del PRI, coment\u00f3 que este nuevo proceso democr\u00e1tico de consulta directa fue un logro importante para la competencia, para la unidad, y exhort\u00f3 a cuidar y respetar a los compa\u00f1eros del partido, \u201cporque, sin duda, quien pretenda dirigir al PRI, debe hablar bien de su partido, no promover la divisi\u00f3n, y proponer en lugar de criticar\u201d.<br> Al reiterar que su compromiso fundamental es con el priismo, dijo que se requiere abrir el partido a los j\u00f3venes a las mujeres, a los ejidatarios, a los campesinos, los ind\u00edgenas, las personas con discapacidad; todos ellos, sumados a la fuerza de la militancia, para que, juntos, encabecen las causas de los priistas y de los ciudadanos.<\/p>\n","protected":false},"excerpt":{"rendered":"<p>[Redacci\u00f3n] En nuestras venas corre ADN de la unidad, de la institucionalidad y del amor del PRI Vamos a lograr la transformaci\u00f3n que el PRI necesita para devolverle su grandeza Desde la dirigencia nacional vamos a seguir trabajando fuerte por y para los priistas Con Carolina Viggiano Austria, recorremos el territorio nacional para escuchar y [&hellip;]<\/p>\n","protected":false},"author":1,"featured_media":141245,"comment_status":"open","ping_status":"open","sticky":false,"template":"","format":"standard","meta":{"footnotes":""},"categories":[8],"tags":[],"class_list":["post-141244","post","type-post","status-publish","format-standard","has-post-thumbnail","hentry","category-pais","entry","has-media"],"jetpack_featured_media_url":"http:\/\/vertienteglobal.com\/wp-content\/uploads\/2019\/07\/colima-alito.jpg","_links":{"self":[{"href":"http:\/\/vertienteglobal.com\/index.php?rest_route=\/wp\/v2\/posts\/141244","targetHints":{"allow":["GET"]}}],"collection":[{"href":"http:\/\/vertienteglobal.com\/index.php?rest_route=\/wp\/v2\/posts"}],"about":[{"href":"http:\/\/vertienteglobal.com\/index.php?rest_route=\/wp\/v2\/types\/post"}],"author":[{"embeddable":true,"href":"http:\/\/vertienteglobal.com\/index.php?rest_route=\/wp\/v2\/users\/1"}],"replies":[{"embeddable":true,"href":"http:\/\/vertienteglobal.com\/index.php?rest_route=%2Fwp%2Fv2%2Fcomments&post=141244"}],"version-history":[{"count":0,"href":"http:\/\/vertienteglobal.com\/index.php?rest_route=\/wp\/v2\/posts\/141244\/revisions"}],"wp:featuredmedia":[{"embeddable":true,"href":"http:\/\/vertienteglobal.com\/index.php?rest_route=\/wp\/v2\/media\/141245"}],"wp:attachment":[{"href":"http:\/\/vertienteglobal.com\/index.php?rest_route=%2Fwp%2Fv2%2Fmedia&parent=141244"}],"wp:term":[{"taxonomy":"category","embeddable":true,"href":"http:\/\/vertienteglobal.com\/index.php?rest_route=%2Fwp%2Fv2%2Fcategories&post=141244"},{"taxonomy":"post_tag","embeddable":true,"href":"http:\/\/vertienteglobal.com\/index.php?rest_route=%2Fwp%2Fv2%2Ftags&post=141244"}],"curies":[{"name":"wp","href":"https:\/\/api.w.org\/{rel}","templated":true}]}}