{"id":141234,"date":"2019-07-10T18:50:00","date_gmt":"2019-07-10T23:50:00","guid":{"rendered":"http:\/\/vertienteglobal.com\/?p=141234"},"modified":"2019-07-14T02:14:35","modified_gmt":"2019-07-14T07:14:35","slug":"se-reunio-alejandro-moreno-cardenas-con-el-priismo-de-chihuahua-y-confio-que-van-a-ganar","status":"publish","type":"post","link":"http:\/\/vertienteglobal.com\/?p=141234","title":{"rendered":"Se reuni\u00f3 Alejandro Moreno C\u00e1rdenas con el priismo de Chihuahua y confi\u00f3 que van a ganar"},"content":{"rendered":"\n<div class=\"twitterbutton\" style=\"float: right; padding-left: 5px;\"><a href=\"http:\/\/twitter.com\/share\" class=\"twitter-share-button\" data-count=\"horizontal\" data-text=\"Se reuni\u00f3 Alejandro Moreno C\u00e1rdenas con el priismo de Chihuahua y confi\u00f3 que ...\" data-via=\"https:\/\/twitter.com\/VertienteGloba1\" data-url=\"http:\/\/vertienteglobal.com\/?p=141234\" data-lang=\"es\" data-related=\"Informaci\u00f3n general:S\u00edguenos para que est\u00e9ss informado\"><\/a><\/div>\n<figure class=\"wp-block-image\"><img loading=\"lazy\" decoding=\"async\" width=\"600\" height=\"350\" src=\"http:\/\/vertienteglobal.com\/wp-content\/uploads\/2019\/07\/Alito-Ju\u00e1rez.png\" alt=\"\" class=\"wp-image-141235\" srcset=\"http:\/\/vertienteglobal.com\/wp-content\/uploads\/2019\/07\/Alito-Ju\u00e1rez.png 600w, http:\/\/vertienteglobal.com\/wp-content\/uploads\/2019\/07\/Alito-Ju\u00e1rez-150x88.png 150w, http:\/\/vertienteglobal.com\/wp-content\/uploads\/2019\/07\/Alito-Ju\u00e1rez-300x175.png 300w\" sizes=\"auto, (max-width: 600px) 100vw, 600px\" \/><\/figure>\n\n\n\n<p> [Redacci\u00f3n] <br> Dijo: \u201cJu\u00e1rez, orgullo nacional, gracias a todos nuestros amigos que hacen posible el encuentro con la militancia, vamos con todo\u201d<br> Ciudad Ju\u00e1rez, Chihuahua.- Alejandro Moreno C\u00e1rdenas, candidato a la dirigencia nacional del PRI lleg\u00f3 a Ciudad Ju\u00e1rez, en donde envi\u00f3 saludos a todo el priismo de Chihuahua y confi\u00f3 que van a ganar.<br> Moreno C\u00e1rdenas sostuvo reuni\u00f3n con la militancia de Ciudad Ju\u00e1rez. Lo acompa\u00f1aron, los dirigentes del Revolucionario Institucional en Chihuahua, Omar Baz\u00e1n y Georgina Zapata. Tambi\u00e9n uno de los coordinadores de distrito Neil P\u00e9rez Campos.<br> \u201cJu\u00e1rez, orgullo nacional, gracias a todos nuestros amigos que hacen posible el encuentro con la militancia, vamos con todo\u201d, dijo el candidato.<br> A las 16:00 horas tuvo una reuni\u00f3n con militantes del PRI en las oficinas del Revolucionario Institucional en la ciudad de Chihuahua.<br> El tambi\u00e9n coordinador de la campa\u00f1a estatal Mario Trevizo Salazar mencion\u00f3 que se pretende que la gira se ampl\u00ede a otros dos municipios de Chihuahua en eventos de cercan\u00eda a la militancia, tanto de Ju\u00e1rez como de Chihuahua en espera de sumar otros dos municipios m\u00e1s en esta gira.<br> Aclar\u00f3 que se trata de un encuentro con la militancia, de dialogar con miembros de sectores, organizaciones, para presentar su propuesta de trabajo para la dirigencia nacional e invitar a sumarse a este proyecto.<\/p>\n","protected":false},"excerpt":{"rendered":"<p>[Redacci\u00f3n] Dijo: \u201cJu\u00e1rez, orgullo nacional, gracias a todos nuestros amigos que hacen posible el encuentro con la militancia, vamos con todo\u201d Ciudad Ju\u00e1rez, Chihuahua.- Alejandro Moreno C\u00e1rdenas, candidato a la dirigencia nacional del PRI lleg\u00f3 a Ciudad Ju\u00e1rez, en donde envi\u00f3 saludos a todo el priismo de Chihuahua y confi\u00f3 que van a ganar. Moreno [&hellip;]<\/p>\n","protected":false},"author":1,"featured_media":141235,"comment_status":"open","ping_status":"open","sticky":false,"template":"","format":"standard","meta":{"footnotes":""},"categories":[8],"tags":[],"class_list":["post-141234","post","type-post","status-publish","format-standard","has-post-thumbnail","hentry","category-pais","entry","has-media"],"jetpack_featured_media_url":"http:\/\/vertienteglobal.com\/wp-content\/uploads\/2019\/07\/Alito-Ju\u00e1rez.png","_links":{"self":[{"href":"http:\/\/vertienteglobal.com\/index.php?rest_route=\/wp\/v2\/posts\/141234","targetHints":{"allow":["GET"]}}],"collection":[{"href":"http:\/\/vertienteglobal.com\/index.php?rest_route=\/wp\/v2\/posts"}],"about":[{"href":"http:\/\/vertienteglobal.com\/index.php?rest_route=\/wp\/v2\/types\/post"}],"author":[{"embeddable":true,"href":"http:\/\/vertienteglobal.com\/index.php?rest_route=\/wp\/v2\/users\/1"}],"replies":[{"embeddable":true,"href":"http:\/\/vertienteglobal.com\/index.php?rest_route=%2Fwp%2Fv2%2Fcomments&post=141234"}],"version-history":[{"count":0,"href":"http:\/\/vertienteglobal.com\/index.php?rest_route=\/wp\/v2\/posts\/141234\/revisions"}],"wp:featuredmedia":[{"embeddable":true,"href":"http:\/\/vertienteglobal.com\/index.php?rest_route=\/wp\/v2\/media\/141235"}],"wp:attachment":[{"href":"http:\/\/vertienteglobal.com\/index.php?rest_route=%2Fwp%2Fv2%2Fmedia&parent=141234"}],"wp:term":[{"taxonomy":"category","embeddable":true,"href":"http:\/\/vertienteglobal.com\/index.php?rest_route=%2Fwp%2Fv2%2Fcategories&post=141234"},{"taxonomy":"post_tag","embeddable":true,"href":"http:\/\/vertienteglobal.com\/index.php?rest_route=%2Fwp%2Fv2%2Ftags&post=141234"}],"curies":[{"name":"wp","href":"https:\/\/api.w.org\/{rel}","templated":true}]}}