{"id":141098,"date":"2019-07-03T21:47:15","date_gmt":"2019-07-04T02:47:15","guid":{"rendered":"http:\/\/vertienteglobal.com\/?p=141098"},"modified":"2019-07-06T11:07:52","modified_gmt":"2019-07-06T16:07:52","slug":"cuando-cambia-la-marcacion-telefonica-en-mexico","status":"publish","type":"post","link":"http:\/\/vertienteglobal.com\/?p=141098","title":{"rendered":"Cuando cambia la marcaci\u00f3n telef\u00f3nica en M\u00e9xico"},"content":{"rendered":"\n<div class=\"twitterbutton\" style=\"float: right; padding-left: 5px;\"><a href=\"http:\/\/twitter.com\/share\" class=\"twitter-share-button\" data-count=\"horizontal\" data-text=\"Cuando cambia la marcaci\u00f3n telef\u00f3nica en M\u00e9xico\" data-via=\"https:\/\/twitter.com\/VertienteGloba1\" data-url=\"http:\/\/vertienteglobal.com\/?p=141098\" data-lang=\"es\" data-related=\"Informaci\u00f3n general:S\u00edguenos para que est\u00e9ss informado\"><\/a><\/div>\n<figure class=\"wp-block-image\"><img loading=\"lazy\" decoding=\"async\" width=\"600\" height=\"365\" src=\"http:\/\/vertienteglobal.com\/wp-content\/uploads\/2019\/07\/Cuando-cambia-la-marcaci\u00f3n-telef\u00f3nica-en-M\u00e9xico.jpg\" alt=\"\" class=\"wp-image-141099\" srcset=\"http:\/\/vertienteglobal.com\/wp-content\/uploads\/2019\/07\/Cuando-cambia-la-marcaci\u00f3n-telef\u00f3nica-en-M\u00e9xico.jpg 600w, http:\/\/vertienteglobal.com\/wp-content\/uploads\/2019\/07\/Cuando-cambia-la-marcaci\u00f3n-telef\u00f3nica-en-M\u00e9xico-150x91.jpg 150w, http:\/\/vertienteglobal.com\/wp-content\/uploads\/2019\/07\/Cuando-cambia-la-marcaci\u00f3n-telef\u00f3nica-en-M\u00e9xico-300x183.jpg 300w\" sizes=\"auto, (max-width: 600px) 100vw, 600px\" \/><\/figure>\n\n\n\n<p> [Redacci\u00f3n]<br> El organismo precisa en su portal de Internet que actualmente ya no se paga por la larga distancia, adem\u00e1s hay m\u00e1s servicios y m\u00e1s compa\u00f1\u00edas de telecomunicaciones, y \u201ccomo es natural la poblaci\u00f3n tambi\u00e9n ha crecido, lo cual aument\u00f3 la demanda de n\u00fameros telef\u00f3nicos en el pa\u00eds\u201d<br> Ciudad de M\u00e9xico.- Inicia la nueva marcaci\u00f3n tel\u00e9f\u00f3nica en M\u00e9xico, con la cual ya no se necesitar\u00e1 los prefijos 01, 044 o 045 para llamar a cualquier tel\u00e9fono fijo o m\u00f3vil dentro del pa\u00eds, solo bastar\u00e1 con marcar 10 d\u00edgitos, a partir del pr\u00f3ximo 3 de agosto.<br> De acuerdo con el Instituto Federal de Telecomunicaciones (Ifetel), ya solo se necesitar\u00e1 la clave de larga distancia y el n\u00famero local, por ejemplo, para llamar a la Ciudad de M\u00e9xico se marcar\u00e1 55 y el n\u00famero local de ocho d\u00edgitos.<br> El organismo precisa en su portal de Internet que actualmente ya no se paga por la larga distancia, adem\u00e1s hay m\u00e1s servicios y m\u00e1s compa\u00f1\u00edas de telecomunicaciones, y \u201ccomo es natural la poblaci\u00f3n tambi\u00e9n ha crecido, lo cual aument\u00f3 la demanda de n\u00fameros telef\u00f3nicos en el pa\u00eds\u201d.<br> Son 10 d\u00edgitos, se\u00f1ala, porque al no haber prefijos el n\u00famero que se marque s\u00f3lo se queda con la clave de larga distancia de la ciudad y el n\u00famero local.<br> El Ifetel informa que en las ciudades de M\u00e9xico, Guadalajara y Monterrey las claves de larga distancia son de dos d\u00edgitos y los n\u00fameros locales de ocho, pero en el resto del pa\u00eds las claves de larga distancia son de tres d\u00edgitos y los n\u00fameros locales de siete.<br> Destaca que para hablar de M\u00e9xico al extranjero primero se tiene que marcar 00, luego el c\u00f3digo del pa\u00eds, el c\u00f3digo de la ciudad y finalmente el n\u00famero al que se quiere llamar, por ejemplo, para marcar a Par\u00eds, Francia, ser\u00eda 00-33-1 y n\u00famero de ocho d\u00edg\u00edtos.<br> Para hablar de otro pa\u00eds a M\u00e9xico se tiene que marcar la clave de acceso al servicio de larga distancia internacional del pa\u00eds de donde se llama, luego el c\u00f3digo de pa\u00eds y los 10 d\u00edgitos del n\u00famero al que se quiere llamar, es decir, 011-52 y luego los 10 d\u00edgitos.<br> Por \u00faltimo, para llamar a los 800 y en general a todos los n\u00fameros no geogr\u00e1ficos tampoco se marcar\u00e1 antes el prefijo 01.<\/p>\n","protected":false},"excerpt":{"rendered":"<p>[Redacci\u00f3n] El organismo precisa en su portal de Internet que actualmente ya no se paga por la larga distancia, adem\u00e1s hay m\u00e1s servicios y m\u00e1s compa\u00f1\u00edas de telecomunicaciones, y \u201ccomo es natural la poblaci\u00f3n tambi\u00e9n ha crecido, lo cual aument\u00f3 la demanda de n\u00fameros telef\u00f3nicos en el pa\u00eds\u201d Ciudad de M\u00e9xico.- Inicia la nueva marcaci\u00f3n [&hellip;]<\/p>\n","protected":false},"author":1,"featured_media":141099,"comment_status":"open","ping_status":"open","sticky":false,"template":"","format":"standard","meta":{"footnotes":""},"categories":[8],"tags":[],"class_list":["post-141098","post","type-post","status-publish","format-standard","has-post-thumbnail","hentry","category-pais","entry","has-media"],"jetpack_featured_media_url":"http:\/\/vertienteglobal.com\/wp-content\/uploads\/2019\/07\/Cuando-cambia-la-marcaci\u00f3n-telef\u00f3nica-en-M\u00e9xico.jpg","_links":{"self":[{"href":"http:\/\/vertienteglobal.com\/index.php?rest_route=\/wp\/v2\/posts\/141098","targetHints":{"allow":["GET"]}}],"collection":[{"href":"http:\/\/vertienteglobal.com\/index.php?rest_route=\/wp\/v2\/posts"}],"about":[{"href":"http:\/\/vertienteglobal.com\/index.php?rest_route=\/wp\/v2\/types\/post"}],"author":[{"embeddable":true,"href":"http:\/\/vertienteglobal.com\/index.php?rest_route=\/wp\/v2\/users\/1"}],"replies":[{"embeddable":true,"href":"http:\/\/vertienteglobal.com\/index.php?rest_route=%2Fwp%2Fv2%2Fcomments&post=141098"}],"version-history":[{"count":0,"href":"http:\/\/vertienteglobal.com\/index.php?rest_route=\/wp\/v2\/posts\/141098\/revisions"}],"wp:featuredmedia":[{"embeddable":true,"href":"http:\/\/vertienteglobal.com\/index.php?rest_route=\/wp\/v2\/media\/141099"}],"wp:attachment":[{"href":"http:\/\/vertienteglobal.com\/index.php?rest_route=%2Fwp%2Fv2%2Fmedia&parent=141098"}],"wp:term":[{"taxonomy":"category","embeddable":true,"href":"http:\/\/vertienteglobal.com\/index.php?rest_route=%2Fwp%2Fv2%2Fcategories&post=141098"},{"taxonomy":"post_tag","embeddable":true,"href":"http:\/\/vertienteglobal.com\/index.php?rest_route=%2Fwp%2Fv2%2Ftags&post=141098"}],"curies":[{"name":"wp","href":"https:\/\/api.w.org\/{rel}","templated":true}]}}