{"id":141054,"date":"2019-07-02T20:12:48","date_gmt":"2019-07-03T01:12:48","guid":{"rendered":"http:\/\/vertienteglobal.com\/?p=141054"},"modified":"2019-07-03T11:01:43","modified_gmt":"2019-07-03T16:01:43","slug":"senador-propone-que-se-pueda-tomar-cerveza-en-horas-laborales","status":"publish","type":"post","link":"http:\/\/vertienteglobal.com\/?p=141054","title":{"rendered":"Senador propone que se pueda tomar cerveza en horas laborales"},"content":{"rendered":"\n<div class=\"twitterbutton\" style=\"float: right; padding-left: 5px;\"><a href=\"http:\/\/twitter.com\/share\" class=\"twitter-share-button\" data-count=\"horizontal\" data-text=\"Senador propone que se pueda tomar cerveza en horas laborales\" data-via=\"https:\/\/twitter.com\/VertienteGloba1\" data-url=\"http:\/\/vertienteglobal.com\/?p=141054\" data-lang=\"es\" data-related=\"Informaci\u00f3n general:S\u00edguenos para que est\u00e9ss informado\"><\/a><\/div>\n<figure class=\"wp-block-image\"><img loading=\"lazy\" decoding=\"async\" width=\"600\" height=\"346\" src=\"http:\/\/vertienteglobal.com\/wp-content\/uploads\/2019\/07\/propone-tomar.jpg\" alt=\"\" class=\"wp-image-141055\" srcset=\"http:\/\/vertienteglobal.com\/wp-content\/uploads\/2019\/07\/propone-tomar.jpg 600w, http:\/\/vertienteglobal.com\/wp-content\/uploads\/2019\/07\/propone-tomar-150x87.jpg 150w, http:\/\/vertienteglobal.com\/wp-content\/uploads\/2019\/07\/propone-tomar-300x173.jpg 300w\" sizes=\"auto, (max-width: 600px) 100vw, 600px\" \/><\/figure>\n\n\n\n<p> [Redacci\u00f3n] <br> Dijo: \u201cPor eso pido con toda humildad y sinceridad, algo que s\u00e9 comparten mis amigos de Morena y sobre todo mi amigo F\u00e9lix Salgado, que en este voto haya honestidad valiente\u201d<br> Ciudad de M\u00e9xico.- Apelando a un voto con honestidad valiente, y mencionando a su compa\u00f1ero F\u00e9lix Salgado Macedonio, el senador por el PRI, Mario Zamora Gast\u00e9lum, propuso que los mexicanos pudi\u00e9semos laborar y tomar cerveza en horas de trabajo.<br> Dijo: \u201cPor eso pido con toda humildad y sinceridad, algo que s\u00e9 comparten mis amigos de Morena y sobre todo mi amigo F\u00e9lix Salgado, que en este voto haya honestidad valiente\u201d.<br> Cabe destacar que la propuesta del osado diputado fue rechazada.<\/p>\n","protected":false},"excerpt":{"rendered":"<p>[Redacci\u00f3n] Dijo: \u201cPor eso pido con toda humildad y sinceridad, algo que s\u00e9 comparten mis amigos de Morena y sobre todo mi amigo F\u00e9lix Salgado, que en este voto haya honestidad valiente\u201d Ciudad de M\u00e9xico.- Apelando a un voto con honestidad valiente, y mencionando a su compa\u00f1ero F\u00e9lix Salgado Macedonio, el senador por el PRI, [&hellip;]<\/p>\n","protected":false},"author":1,"featured_media":141055,"comment_status":"open","ping_status":"open","sticky":false,"template":"","format":"standard","meta":{"footnotes":""},"categories":[8],"tags":[],"class_list":["post-141054","post","type-post","status-publish","format-standard","has-post-thumbnail","hentry","category-pais","entry","has-media"],"jetpack_featured_media_url":"http:\/\/vertienteglobal.com\/wp-content\/uploads\/2019\/07\/propone-tomar.jpg","_links":{"self":[{"href":"http:\/\/vertienteglobal.com\/index.php?rest_route=\/wp\/v2\/posts\/141054","targetHints":{"allow":["GET"]}}],"collection":[{"href":"http:\/\/vertienteglobal.com\/index.php?rest_route=\/wp\/v2\/posts"}],"about":[{"href":"http:\/\/vertienteglobal.com\/index.php?rest_route=\/wp\/v2\/types\/post"}],"author":[{"embeddable":true,"href":"http:\/\/vertienteglobal.com\/index.php?rest_route=\/wp\/v2\/users\/1"}],"replies":[{"embeddable":true,"href":"http:\/\/vertienteglobal.com\/index.php?rest_route=%2Fwp%2Fv2%2Fcomments&post=141054"}],"version-history":[{"count":0,"href":"http:\/\/vertienteglobal.com\/index.php?rest_route=\/wp\/v2\/posts\/141054\/revisions"}],"wp:featuredmedia":[{"embeddable":true,"href":"http:\/\/vertienteglobal.com\/index.php?rest_route=\/wp\/v2\/media\/141055"}],"wp:attachment":[{"href":"http:\/\/vertienteglobal.com\/index.php?rest_route=%2Fwp%2Fv2%2Fmedia&parent=141054"}],"wp:term":[{"taxonomy":"category","embeddable":true,"href":"http:\/\/vertienteglobal.com\/index.php?rest_route=%2Fwp%2Fv2%2Fcategories&post=141054"},{"taxonomy":"post_tag","embeddable":true,"href":"http:\/\/vertienteglobal.com\/index.php?rest_route=%2Fwp%2Fv2%2Ftags&post=141054"}],"curies":[{"name":"wp","href":"https:\/\/api.w.org\/{rel}","templated":true}]}}