{"id":140879,"date":"2019-06-29T17:38:09","date_gmt":"2019-06-29T22:38:09","guid":{"rendered":"http:\/\/vertienteglobal.com\/?p=140879"},"modified":"2019-06-30T10:26:14","modified_gmt":"2019-06-30T15:26:14","slug":"juntos-lograremos-transformar-al-pri-y-al-pais-alejandro-moreno-cardenas","status":"publish","type":"post","link":"http:\/\/vertienteglobal.com\/?p=140879","title":{"rendered":"Juntos lograremos transformar al PRI y al Pa\u00eds: Alejandro Moreno C\u00e1rdenas"},"content":{"rendered":"\n<div class=\"twitterbutton\" style=\"float: right; padding-left: 5px;\"><a href=\"http:\/\/twitter.com\/share\" class=\"twitter-share-button\" data-count=\"horizontal\" data-text=\"Juntos lograremos transformar al PRI y al Pa\u00eds: Alejandro Moreno C\u00e1rdenas\" data-via=\"https:\/\/twitter.com\/VertienteGloba1\" data-url=\"http:\/\/vertienteglobal.com\/?p=140879\" data-lang=\"es\" data-related=\"Informaci\u00f3n general:S\u00edguenos para que est\u00e9ss informado\"><\/a><\/div>\n<figure class=\"wp-block-image\"><img loading=\"lazy\" decoding=\"async\" width=\"600\" height=\"378\" src=\"http:\/\/vertienteglobal.com\/wp-content\/uploads\/2019\/06\/alito-ctm.jpg\" alt=\"\" class=\"wp-image-140880\" srcset=\"http:\/\/vertienteglobal.com\/wp-content\/uploads\/2019\/06\/alito-ctm.jpg 600w, http:\/\/vertienteglobal.com\/wp-content\/uploads\/2019\/06\/alito-ctm-150x95.jpg 150w, http:\/\/vertienteglobal.com\/wp-content\/uploads\/2019\/06\/alito-ctm-300x189.jpg 300w\" sizes=\"auto, (max-width: 600px) 100vw, 600px\" \/><\/figure>\n\n\n\n<p> [Redacci\u00f3n]<br> Comprometi\u00f3 su apoyo para este sector que hoy d\u00eda solo tiene en el Congreso de la Uni\u00f3n a un diputado y a un senador<br> Ciudad de M\u00e9xico.- Alejandro Moreno C\u00e1rdenas y su compa\u00f1era de f\u00f3rmula, Carolina Viggiano, se reunieron con integrantes de la CTM Nacional, a quienes les refrendaron el compromiso de trabajar desde el partido para mejorar su calidad de vida, \u201cel sector obrero es muy importante para lograr la transformaci\u00f3n del PRI\u201d, se\u00f1al\u00f3 el aspirante a dirigir el tricolor a nivel nacional.<br> \u201cSomos priistas, tenemos orgullo, car\u00e1cter y vamos a enfrentar al gobierno de la Rep\u00fablica con firmeza, cr\u00edtica y viendo al futuro\u201d, dijo en entrevista despu\u00e9s del reunirse con el sector obrero del tricolor.<br> Poco antes, ante cientos de trabajadores afiliados al Congreso del Trabajo, sector obrero del PRI, se\u00f1al\u00f3 que los \u201cdatos\u201d de los resultados del gobierno actual son: cero crecimientos, inseguridad al alza, nula generaci\u00f3n de empleo, despidos masivos de trabajadores del sector p\u00fablico y cancelaci\u00f3n de guarder\u00edas.<br> \u201cEs un balance muy muy malo (\u2026) Hoy la gente tiene miedo, angustia\u201d, indic\u00f3 Moreno C\u00e1rdenas.<br> En su mensaje en el auditorio Fernando Amilpa, de la CTM, comprometi\u00f3 su apoyo para este sector que hoy d\u00eda solo tiene en el Congreso de la Uni\u00f3n a un diputado y a un senador.<br> Dijo que trabajar\u00e1 para que \u201cnunca m\u00e1s sean un partido mudo ante el gobierno\u201d y asegur\u00f3 que el PRI \u201cest\u00e1 de regreso\u201d.<\/p>\n","protected":false},"excerpt":{"rendered":"<p>[Redacci\u00f3n] Comprometi\u00f3 su apoyo para este sector que hoy d\u00eda solo tiene en el Congreso de la Uni\u00f3n a un diputado y a un senador Ciudad de M\u00e9xico.- Alejandro Moreno C\u00e1rdenas y su compa\u00f1era de f\u00f3rmula, Carolina Viggiano, se reunieron con integrantes de la CTM Nacional, a quienes les refrendaron el compromiso de trabajar desde [&hellip;]<\/p>\n","protected":false},"author":1,"featured_media":140880,"comment_status":"open","ping_status":"open","sticky":false,"template":"","format":"standard","meta":{"footnotes":""},"categories":[8],"tags":[],"class_list":["post-140879","post","type-post","status-publish","format-standard","has-post-thumbnail","hentry","category-pais","entry","has-media"],"jetpack_featured_media_url":"http:\/\/vertienteglobal.com\/wp-content\/uploads\/2019\/06\/alito-ctm.jpg","_links":{"self":[{"href":"http:\/\/vertienteglobal.com\/index.php?rest_route=\/wp\/v2\/posts\/140879","targetHints":{"allow":["GET"]}}],"collection":[{"href":"http:\/\/vertienteglobal.com\/index.php?rest_route=\/wp\/v2\/posts"}],"about":[{"href":"http:\/\/vertienteglobal.com\/index.php?rest_route=\/wp\/v2\/types\/post"}],"author":[{"embeddable":true,"href":"http:\/\/vertienteglobal.com\/index.php?rest_route=\/wp\/v2\/users\/1"}],"replies":[{"embeddable":true,"href":"http:\/\/vertienteglobal.com\/index.php?rest_route=%2Fwp%2Fv2%2Fcomments&post=140879"}],"version-history":[{"count":0,"href":"http:\/\/vertienteglobal.com\/index.php?rest_route=\/wp\/v2\/posts\/140879\/revisions"}],"wp:featuredmedia":[{"embeddable":true,"href":"http:\/\/vertienteglobal.com\/index.php?rest_route=\/wp\/v2\/media\/140880"}],"wp:attachment":[{"href":"http:\/\/vertienteglobal.com\/index.php?rest_route=%2Fwp%2Fv2%2Fmedia&parent=140879"}],"wp:term":[{"taxonomy":"category","embeddable":true,"href":"http:\/\/vertienteglobal.com\/index.php?rest_route=%2Fwp%2Fv2%2Fcategories&post=140879"},{"taxonomy":"post_tag","embeddable":true,"href":"http:\/\/vertienteglobal.com\/index.php?rest_route=%2Fwp%2Fv2%2Ftags&post=140879"}],"curies":[{"name":"wp","href":"https:\/\/api.w.org\/{rel}","templated":true}]}}