{"id":140750,"date":"2019-06-27T15:56:07","date_gmt":"2019-06-27T20:56:07","guid":{"rendered":"http:\/\/vertienteglobal.com\/?p=140750"},"modified":"2019-06-28T19:58:32","modified_gmt":"2019-06-29T00:58:32","slug":"se-suman-mas-servicios-a-la-caravana-diferente-en-yucatan","status":"publish","type":"post","link":"http:\/\/vertienteglobal.com\/?p=140750","title":{"rendered":"Se suman m\u00e1s servicios a la Caravana DIFerente en Yucat\u00e1n"},"content":{"rendered":"\n<div class=\"twitterbutton\" style=\"float: right; padding-left: 5px;\"><a href=\"http:\/\/twitter.com\/share\" class=\"twitter-share-button\" data-count=\"horizontal\" data-text=\"Se suman m\u00e1s servicios a la Caravana DIFerente en Yucat\u00e1n\" data-via=\"https:\/\/twitter.com\/VertienteGloba1\" data-url=\"http:\/\/vertienteglobal.com\/?p=140750\" data-lang=\"es\" data-related=\"Informaci\u00f3n general:S\u00edguenos para que est\u00e9ss informado\"><\/a><\/div>\n<figure class=\"wp-block-image\"><img loading=\"lazy\" decoding=\"async\" width=\"600\" height=\"325\" src=\"http:\/\/vertienteglobal.com\/wp-content\/uploads\/2019\/06\/Caravana-DIFerente-Yucatan.jpg\" alt=\"\" class=\"wp-image-140751\" srcset=\"http:\/\/vertienteglobal.com\/wp-content\/uploads\/2019\/06\/Caravana-DIFerente-Yucatan.jpg 600w, http:\/\/vertienteglobal.com\/wp-content\/uploads\/2019\/06\/Caravana-DIFerente-Yucatan-150x81.jpg 150w, http:\/\/vertienteglobal.com\/wp-content\/uploads\/2019\/06\/Caravana-DIFerente-Yucatan-300x163.jpg 300w\" sizes=\"auto, (max-width: 600px) 100vw, 600px\" \/><\/figure>\n\n\n\n<p> [Redacci\u00f3n]<br> En su tercera edici\u00f3n, los servicios de la Prodemefa se integran a este programa itinerante<br> Ticul, Yucat\u00e1n.- Cerca de 500 personas llegaron hasta la plaza principal de Ticul para aprovechar los servicios gratuitos que el Sistema para el Desarrollo Integral de la Familia (DIF) Yucat\u00e1n pone a disposici\u00f3n, como parte de la tercera edici\u00f3n de la Caravana DIFerente.<br> Al inaugurar esta jornada de actividades, la directora del organismo de asistencia social, Mar\u00eda Cristina Castillo Espinosa, se\u00f1al\u00f3 que con este plan la dependencia \u00able extiende la mano a nuestras hermanas y hermanos yucatecos en situaci\u00f3n de vulnerabilidad, en s\u00edmbolo de apoyo y solidaridad, pero tambi\u00e9n de trabajo firme\u00bb.<br> En ese sentido, acompa\u00f1ada del alcalde anfitri\u00f3n, Rafael Montalvo Mata, subray\u00f3 que la Caravana DIFerente es una acci\u00f3n que transforma: la salud, la educaci\u00f3n y la calidad de vida de las personas, tal como ha dispuesto el Gobernador Mauricio Vila Dosal.<br> Desde temprana hora, habitantes de la Perla del Sur se dieron cita en los bajos del Palacio Municipal para hacerse chequeos de la presi\u00f3n y glucosa, as\u00ed como una revisi\u00f3n de peso y talla, adem\u00e1s de que escucharon una pl\u00e1tica informativa sobre el valor de una alimentaci\u00f3n adecuada para tener una vida m\u00e1s saludable.<br> Tambi\u00e9n, conocieron los servicios para la atenci\u00f3n a las personas con discapacidad y c\u00f3mo acceder a los programas del DIF Yucat\u00e1n. La novedad de esta edici\u00f3n es que se sum\u00f3 la Procuradur\u00eda de la Defensa del Menor y la Familia (Prodemefa) y un m\u00f3dulo de afiliaci\u00f3n al Seguro Popular. Por lo que toca a la primera, \u00e9sta proporcion\u00f3 a las y los asistentes informaci\u00f3n en materia de adopci\u00f3n, asesor\u00eda jur\u00eddica, trabajo social y atenci\u00f3n psicol\u00f3gica.<br> Por su parte, Montalvo Mata agradeci\u00f3 al DIF Yucat\u00e1n por unirse al trabajo que realiza la comuna en favor de quienes m\u00e1s lo necesitan. A su vez, reiter\u00f3 su apoyo y compromiso para seguir la labor conjunta con las autoridades estatales, a fin de dar m\u00e1s y mejores resultados.<br> Ver\u00f3nica Vianey Manrique Tzakum, beneficiaria del programa de fotocredencializaci\u00f3n, reconoci\u00f3 el esfuerzo del gobierno estatal por acercar servicios como \u00e9ste a los municipios, ya que al contar con la credencial, las personas con discapacidad tienen acceso programas y la atenci\u00f3n que requieren.<br> Luego de la inauguraci\u00f3n, las autoridades recorrieron cada uno de los m\u00f3dulos, donde hab\u00eda audiometr\u00edas, consultas m\u00e9dicas y odontol\u00f3gicas, mamograf\u00edas, tomas tanto de presi\u00f3n como de glicemia y pl\u00e1ticas de orientaci\u00f3n alimentaria. Adem\u00e1s, se entreg\u00f3 374 apoyos alimentarios y 123 m\u00e1s del Programa de Atenci\u00f3n al Menor de Cinco a\u00f1os en Riesgo no Escolarizado (Pamerine).<br> Asimismo, a trav\u00e9s del Departamento de Atenci\u00f3n a la Infancia y la Familia (DAIF), se ofrecieron charlas informativas y actividades encaminadas a la promoci\u00f3n de valores y la prevenci\u00f3n de situaciones que ponen en riesgo la salud e integridad de ni\u00f1as, ni\u00f1os y adolescentes.<br> Durante el evento, tambi\u00e9n se instal\u00f3 un estand sobre el Centro Regional de \u00d3rtesis, Pr\u00f3tesis y Aparatos Funcionales de Yucat\u00e1n, para dar a conocer los requisitos para acceder a estos apoyos.<br> En el marco de las Caravanas DIFerentes, se inaugur\u00f3 un nuevo Espacio de Alimentaci\u00f3n, Encuentro y Desarrollo (EAED) \u00abU najil u ux hu janal mejen palalo\u2019o\u00bb, donde se beneficia a 157 personas, a quienes adem\u00e1s de proporcionarles comidas de calidad nutricia, se les dar\u00e1 orientaci\u00f3n sobre buenos h\u00e1bitos alimenticios, dentro del eje de seguridad alimentaria.<br> Castillo Espinosa, acompa\u00f1ada del alcalde y la presidenta del DIF Municipal de Ticul, Gisela Montalvo Mata, tambi\u00e9n visit\u00f3 la Unidad B\u00e1sica de Rehabilitaci\u00f3n, donde constat\u00f3 el trato a las personas con discapacidad. En este espacio, se atiende a 182 pacientes de manera permanente y, al mes, a 50 nuevos beneficiarios con terapias de lenguaje, estimulaci\u00f3n temprana, hidroterapias, valoraciones m\u00e9dicas y atenci\u00f3n de fracturas.<br> Como parte de la gira, se inaugur\u00f3 el EAED de Tipikal, en Man\u00ed, \u00abU najil janal wiinik\u00bb. All\u00ed, tras el corte del list\u00f3n, junto con el alcalde y presidenta del DIF del municipio, Aar\u00f3n Interi\u00e1n Boj\u00f3rquez y Magaly Puc Uxul, respectivamente, la funcionaria vio c\u00f3mo las y los beneficiarios, 84 personas de diferentes edades, degustaron el platillo del d\u00eda, que fue potaje de lentejas con su porci\u00f3n de fruta fresca.<\/p>\n","protected":false},"excerpt":{"rendered":"<p>[Redacci\u00f3n] En su tercera edici\u00f3n, los servicios de la Prodemefa se integran a este programa itinerante Ticul, Yucat\u00e1n.- Cerca de 500 personas llegaron hasta la plaza principal de Ticul para aprovechar los servicios gratuitos que el Sistema para el Desarrollo Integral de la Familia (DIF) Yucat\u00e1n pone a disposici\u00f3n, como parte de la tercera edici\u00f3n [&hellip;]<\/p>\n","protected":false},"author":1,"featured_media":140751,"comment_status":"open","ping_status":"open","sticky":false,"template":"","format":"standard","meta":{"footnotes":""},"categories":[2],"tags":[],"class_list":["post-140750","post","type-post","status-publish","format-standard","has-post-thumbnail","hentry","category-yucatan","entry","has-media"],"jetpack_featured_media_url":"http:\/\/vertienteglobal.com\/wp-content\/uploads\/2019\/06\/Caravana-DIFerente-Yucatan.jpg","_links":{"self":[{"href":"http:\/\/vertienteglobal.com\/index.php?rest_route=\/wp\/v2\/posts\/140750","targetHints":{"allow":["GET"]}}],"collection":[{"href":"http:\/\/vertienteglobal.com\/index.php?rest_route=\/wp\/v2\/posts"}],"about":[{"href":"http:\/\/vertienteglobal.com\/index.php?rest_route=\/wp\/v2\/types\/post"}],"author":[{"embeddable":true,"href":"http:\/\/vertienteglobal.com\/index.php?rest_route=\/wp\/v2\/users\/1"}],"replies":[{"embeddable":true,"href":"http:\/\/vertienteglobal.com\/index.php?rest_route=%2Fwp%2Fv2%2Fcomments&post=140750"}],"version-history":[{"count":0,"href":"http:\/\/vertienteglobal.com\/index.php?rest_route=\/wp\/v2\/posts\/140750\/revisions"}],"wp:featuredmedia":[{"embeddable":true,"href":"http:\/\/vertienteglobal.com\/index.php?rest_route=\/wp\/v2\/media\/140751"}],"wp:attachment":[{"href":"http:\/\/vertienteglobal.com\/index.php?rest_route=%2Fwp%2Fv2%2Fmedia&parent=140750"}],"wp:term":[{"taxonomy":"category","embeddable":true,"href":"http:\/\/vertienteglobal.com\/index.php?rest_route=%2Fwp%2Fv2%2Fcategories&post=140750"},{"taxonomy":"post_tag","embeddable":true,"href":"http:\/\/vertienteglobal.com\/index.php?rest_route=%2Fwp%2Fv2%2Ftags&post=140750"}],"curies":[{"name":"wp","href":"https:\/\/api.w.org\/{rel}","templated":true}]}}