{"id":140644,"date":"2019-06-25T11:05:20","date_gmt":"2019-06-25T16:05:20","guid":{"rendered":"http:\/\/vertienteglobal.com\/?p=140644"},"modified":"2019-06-25T23:27:35","modified_gmt":"2019-06-26T04:27:35","slug":"va-a-haber-hasta-bailongo-en-la-celebracion-del-zocalo-amlo","status":"publish","type":"post","link":"http:\/\/vertienteglobal.com\/?p=140644","title":{"rendered":"Va a haber hasta bailongo en la celebraci\u00f3n del Z\u00f3calo: AMLO"},"content":{"rendered":"\n<div class=\"twitterbutton\" style=\"float: right; padding-left: 5px;\"><a href=\"http:\/\/twitter.com\/share\" class=\"twitter-share-button\" data-count=\"horizontal\" data-text=\"Va a haber hasta bailongo en la celebraci\u00f3n del Z\u00f3calo: AMLO\" data-via=\"https:\/\/twitter.com\/VertienteGloba1\" data-url=\"http:\/\/vertienteglobal.com\/?p=140644\" data-lang=\"es\" data-related=\"Informaci\u00f3n general:S\u00edguenos para que est\u00e9ss informado\"><\/a><\/div>\n<figure class=\"wp-block-image\"><img loading=\"lazy\" decoding=\"async\" width=\"600\" height=\"364\" src=\"http:\/\/vertienteglobal.com\/wp-content\/uploads\/2019\/06\/amlo-reeleccion.jpg\" alt=\"\" class=\"wp-image-140645\" srcset=\"http:\/\/vertienteglobal.com\/wp-content\/uploads\/2019\/06\/amlo-reeleccion.jpg 600w, http:\/\/vertienteglobal.com\/wp-content\/uploads\/2019\/06\/amlo-reeleccion-150x91.jpg 150w, http:\/\/vertienteglobal.com\/wp-content\/uploads\/2019\/06\/amlo-reeleccion-300x182.jpg 300w\" sizes=\"auto, (max-width: 600px) 100vw, 600px\" \/><\/figure>\n\n\n\n<p> [Redacci\u00f3n] <br> El jefe de ejecutivo federal, agreg\u00f3: \u201cEs que van a ser mariachis de la Secretar\u00eda de la Defensa Nacional, orquestas de la Secretar\u00eda de Marina, va a haber hasta bailongo\u201d<br> Ciudad de M\u00e9xico.- El presidente Andr\u00e9s Manuel L\u00f3pez Obrador anunci\u00f3 que celebrar\u00e1 con los capitalinos el primer a\u00f1o de su triunfo, para dar a conocer los resultados en los primeros seis meses de gobierno.<br> Y es que durante la conferencia de prensa en palacio nacional, dijo que ser\u00e1 un festejo donde habr\u00e1 \u201cbailongo\u201d pero austero porque acudir\u00e1n muchos voluntarios a participar en la verbena que se organizar\u00e1 el pr\u00f3ximo primero de julio en la plaza de la constituci\u00f3n.<br> Afirm\u00f3: \u201cQuiero presentar un informe amplio y al mismo tiempo resumido, para eso la es la cita y la invitaci\u00f3n a los ciudadanos al Z\u00f3calo, el lunes pr\u00f3ximo a las 5 de la tarde, desde el mediod\u00eda\u201d.<br> Detall\u00f3: \u201cVa a haber m\u00fasica tambi\u00e9n para los que se inquietan, todos los m\u00fasicos son voluntarios y es m\u00fasica muy buena, es un festival. Se est\u00e1 haciendo la invitaci\u00f3n para que vengan a participar todos, no es el gran costo, no hay derroche, es austero completamente\u201d.<br> El jefe de ejecutivo federal, agreg\u00f3: \u201cEs que van a ser mariachis de la Secretar\u00eda de la Defensa Nacional, orquestas de la Secretar\u00eda de Marina, va a haber hasta bailongo\u201d.<\/p>\n","protected":false},"excerpt":{"rendered":"<p>[Redacci\u00f3n] El jefe de ejecutivo federal, agreg\u00f3: \u201cEs que van a ser mariachis de la Secretar\u00eda de la Defensa Nacional, orquestas de la Secretar\u00eda de Marina, va a haber hasta bailongo\u201d Ciudad de M\u00e9xico.- El presidente Andr\u00e9s Manuel L\u00f3pez Obrador anunci\u00f3 que celebrar\u00e1 con los capitalinos el primer a\u00f1o de su triunfo, para dar a [&hellip;]<\/p>\n","protected":false},"author":1,"featured_media":140645,"comment_status":"open","ping_status":"open","sticky":false,"template":"","format":"standard","meta":{"footnotes":""},"categories":[8],"tags":[],"class_list":["post-140644","post","type-post","status-publish","format-standard","has-post-thumbnail","hentry","category-pais","entry","has-media"],"jetpack_featured_media_url":"http:\/\/vertienteglobal.com\/wp-content\/uploads\/2019\/06\/amlo-reeleccion.jpg","_links":{"self":[{"href":"http:\/\/vertienteglobal.com\/index.php?rest_route=\/wp\/v2\/posts\/140644","targetHints":{"allow":["GET"]}}],"collection":[{"href":"http:\/\/vertienteglobal.com\/index.php?rest_route=\/wp\/v2\/posts"}],"about":[{"href":"http:\/\/vertienteglobal.com\/index.php?rest_route=\/wp\/v2\/types\/post"}],"author":[{"embeddable":true,"href":"http:\/\/vertienteglobal.com\/index.php?rest_route=\/wp\/v2\/users\/1"}],"replies":[{"embeddable":true,"href":"http:\/\/vertienteglobal.com\/index.php?rest_route=%2Fwp%2Fv2%2Fcomments&post=140644"}],"version-history":[{"count":0,"href":"http:\/\/vertienteglobal.com\/index.php?rest_route=\/wp\/v2\/posts\/140644\/revisions"}],"wp:featuredmedia":[{"embeddable":true,"href":"http:\/\/vertienteglobal.com\/index.php?rest_route=\/wp\/v2\/media\/140645"}],"wp:attachment":[{"href":"http:\/\/vertienteglobal.com\/index.php?rest_route=%2Fwp%2Fv2%2Fmedia&parent=140644"}],"wp:term":[{"taxonomy":"category","embeddable":true,"href":"http:\/\/vertienteglobal.com\/index.php?rest_route=%2Fwp%2Fv2%2Fcategories&post=140644"},{"taxonomy":"post_tag","embeddable":true,"href":"http:\/\/vertienteglobal.com\/index.php?rest_route=%2Fwp%2Fv2%2Ftags&post=140644"}],"curies":[{"name":"wp","href":"https:\/\/api.w.org\/{rel}","templated":true}]}}