{"id":140573,"date":"2019-06-24T19:46:29","date_gmt":"2019-06-25T00:46:29","guid":{"rendered":"http:\/\/vertienteglobal.com\/?p=140573"},"modified":"2019-06-25T00:38:19","modified_gmt":"2019-06-25T05:38:19","slug":"gobierno-de-cdmx-busca-mantener-formula-1-en-el-pais","status":"publish","type":"post","link":"http:\/\/vertienteglobal.com\/?p=140573","title":{"rendered":"Gobierno de CDMX busca mantener F\u00f3rmula 1 en el pa\u00eds"},"content":{"rendered":"\n<div class=\"twitterbutton\" style=\"float: right; padding-left: 5px;\"><a href=\"http:\/\/twitter.com\/share\" class=\"twitter-share-button\" data-count=\"horizontal\" data-text=\"Gobierno de CDMX busca mantener F\u00f3rmula 1 en el pa\u00eds\" data-via=\"https:\/\/twitter.com\/VertienteGloba1\" data-url=\"http:\/\/vertienteglobal.com\/?p=140573\" data-lang=\"es\" data-related=\"Informaci\u00f3n general:S\u00edguenos para que est\u00e9ss informado\"><\/a><\/div>\n<figure class=\"wp-block-image\"><img loading=\"lazy\" decoding=\"async\" width=\"600\" height=\"373\" src=\"http:\/\/vertienteglobal.com\/wp-content\/uploads\/2019\/06\/Gobierno-de-CDMX-busca-mantener-F\u00f3rmula-1.jpg\" alt=\"\" class=\"wp-image-140574\" srcset=\"http:\/\/vertienteglobal.com\/wp-content\/uploads\/2019\/06\/Gobierno-de-CDMX-busca-mantener-F\u00f3rmula-1.jpg 600w, http:\/\/vertienteglobal.com\/wp-content\/uploads\/2019\/06\/Gobierno-de-CDMX-busca-mantener-F\u00f3rmula-1-150x93.jpg 150w, http:\/\/vertienteglobal.com\/wp-content\/uploads\/2019\/06\/Gobierno-de-CDMX-busca-mantener-F\u00f3rmula-1-300x187.jpg 300w\" sizes=\"auto, (max-width: 600px) 100vw, 600px\" \/><\/figure>\n\n\n\n<p> [Redacci\u00f3n]<br> La jefa de Gobierno mencion\u00f3 que en los pr\u00f3ximos d\u00edas podr\u00edan dar ya una soluci\u00f3n definitiva<br> Ciudad de M\u00e9xico.- La  jefa de Gobierno de la Ciudad de M\u00e9xico, Claudia Sheinbaum, inform\u00f3 que a\u00fan est\u00e1n buscando que la F\u00f3rmula 1 siga celebrando el Gran Premio de M\u00e9xico, y asegur\u00f3 que hay muchas opciones para esto suceda, aunque descarta que se vayan a usar recursos p\u00fablicos.<br> Ante los medios de comunicaci\u00f3n, Sheinbaum, se\u00f1al\u00f3: \u201cTodav\u00eda no est\u00e1 completamente definido, lo hemos hablado con much\u00edsimas personas, muchos aficionados al automovilismo para ver de qu\u00e9 manera se puede hacer un apoyo de distintos empresarios que est\u00e9n con ganas de que se quede la F\u00f3rmula 1 aqu\u00ed, apoyando a la Ciudad y apoyando obviamente a los aficionados y a lo que representa el turismo para la Ciudad de M\u00e9xico\u201d, <br> La jefa de Gobierno mencion\u00f3 que en los pr\u00f3ximos d\u00edas podr\u00edan dar ya una soluci\u00f3n definitiva.<br> \u201cEntonces estamos en ese proceso, todav\u00eda no termina; entonces no quisiera yo avanzar mucho m\u00e1s, sino hasta que no lo tengamos realmente porque estamos todav\u00eda en el: si s\u00ed podemos o no podemos, pero hemos hecho un espacio importante. Y ya en el momento en el que pueda estar ya se los informaremos con todo detalle\u201d, se\u00f1al\u00f3.<br> Asimismo, Sheinbaum revel\u00f3 que la F\u00f3rmula 1 costaba 800 millones de pesos al Gobierno de la Ciudad de M\u00e9xico. (Fuente: Milenio)<\/p>\n","protected":false},"excerpt":{"rendered":"<p>[Redacci\u00f3n] La jefa de Gobierno mencion\u00f3 que en los pr\u00f3ximos d\u00edas podr\u00edan dar ya una soluci\u00f3n definitiva Ciudad de M\u00e9xico.- La jefa de Gobierno de la Ciudad de M\u00e9xico, Claudia Sheinbaum, inform\u00f3 que a\u00fan est\u00e1n buscando que la F\u00f3rmula 1 siga celebrando el Gran Premio de M\u00e9xico, y asegur\u00f3 que hay muchas opciones para esto [&hellip;]<\/p>\n","protected":false},"author":1,"featured_media":140574,"comment_status":"open","ping_status":"open","sticky":false,"template":"","format":"standard","meta":{"footnotes":""},"categories":[11,8],"tags":[],"class_list":["post-140573","post","type-post","status-publish","format-standard","has-post-thumbnail","hentry","category-deportes","category-pais","entry","has-media"],"jetpack_featured_media_url":"http:\/\/vertienteglobal.com\/wp-content\/uploads\/2019\/06\/Gobierno-de-CDMX-busca-mantener-F\u00f3rmula-1.jpg","_links":{"self":[{"href":"http:\/\/vertienteglobal.com\/index.php?rest_route=\/wp\/v2\/posts\/140573","targetHints":{"allow":["GET"]}}],"collection":[{"href":"http:\/\/vertienteglobal.com\/index.php?rest_route=\/wp\/v2\/posts"}],"about":[{"href":"http:\/\/vertienteglobal.com\/index.php?rest_route=\/wp\/v2\/types\/post"}],"author":[{"embeddable":true,"href":"http:\/\/vertienteglobal.com\/index.php?rest_route=\/wp\/v2\/users\/1"}],"replies":[{"embeddable":true,"href":"http:\/\/vertienteglobal.com\/index.php?rest_route=%2Fwp%2Fv2%2Fcomments&post=140573"}],"version-history":[{"count":0,"href":"http:\/\/vertienteglobal.com\/index.php?rest_route=\/wp\/v2\/posts\/140573\/revisions"}],"wp:featuredmedia":[{"embeddable":true,"href":"http:\/\/vertienteglobal.com\/index.php?rest_route=\/wp\/v2\/media\/140574"}],"wp:attachment":[{"href":"http:\/\/vertienteglobal.com\/index.php?rest_route=%2Fwp%2Fv2%2Fmedia&parent=140573"}],"wp:term":[{"taxonomy":"category","embeddable":true,"href":"http:\/\/vertienteglobal.com\/index.php?rest_route=%2Fwp%2Fv2%2Fcategories&post=140573"},{"taxonomy":"post_tag","embeddable":true,"href":"http:\/\/vertienteglobal.com\/index.php?rest_route=%2Fwp%2Fv2%2Ftags&post=140573"}],"curies":[{"name":"wp","href":"https:\/\/api.w.org\/{rel}","templated":true}]}}