{"id":140384,"date":"2019-06-20T18:47:46","date_gmt":"2019-06-20T23:47:46","guid":{"rendered":"http:\/\/vertienteglobal.com\/?p=140384"},"modified":"2019-06-20T23:48:58","modified_gmt":"2019-06-21T04:48:58","slug":"declaratoria-de-emergencia-en-la-operacion-de-la-produccion-de-electricidad-en-la-peninsula-de-yucatan","status":"publish","type":"post","link":"http:\/\/vertienteglobal.com\/?p=140384","title":{"rendered":"Declaratoria de emergencia en la operaci\u00f3n de la producci\u00f3n de electricidad en la Pen\u00ednsula de Yucat\u00e1n"},"content":{"rendered":"\n<div class=\"twitterbutton\" style=\"float: right; padding-left: 5px;\"><a href=\"http:\/\/twitter.com\/share\" class=\"twitter-share-button\" data-count=\"horizontal\" data-text=\"Declaratoria de emergencia en la operaci\u00f3n de la producci\u00f3n de electricidad en...\" data-via=\"https:\/\/twitter.com\/VertienteGloba1\" data-url=\"http:\/\/vertienteglobal.com\/?p=140384\" data-lang=\"es\" data-related=\"Informaci\u00f3n general:S\u00edguenos para que est\u00e9ss informado\"><\/a><\/div>\n<figure class=\"wp-block-image\"><img loading=\"lazy\" decoding=\"async\" width=\"600\" height=\"341\" src=\"http:\/\/vertienteglobal.com\/wp-content\/uploads\/2019\/06\/cfelectricidad-base.jpg\" alt=\"\" class=\"wp-image-140385\" srcset=\"http:\/\/vertienteglobal.com\/wp-content\/uploads\/2019\/06\/cfelectricidad-base.jpg 600w, http:\/\/vertienteglobal.com\/wp-content\/uploads\/2019\/06\/cfelectricidad-base-150x85.jpg 150w, http:\/\/vertienteglobal.com\/wp-content\/uploads\/2019\/06\/cfelectricidad-base-300x171.jpg 300w\" sizes=\"auto, (max-width: 600px) 100vw, 600px\" \/><\/figure>\n\n\n\n<p> [Redacci\u00f3n] <br> Insisti\u00f3 en que la capacidad de generaci\u00f3n el\u00e9ctrica en la regi\u00f3n es suficiente, por lo que el problema real es la falta de abasto de combustible<br> Ciudad de M\u00e9xico.- El director del Centro Nacional de Control de Energ\u00eda (Cenace), Alfonso Morcos, dijo que la declaratoria de emergencia en la operaci\u00f3n de la producci\u00f3n de electricidad en la Pen\u00ednsula de Yucat\u00e1n fue una medida que se tom\u00f3 para apurar la instalaci\u00f3n de un oleoducto para llevar di\u00e9sel de Puerto Progreso a la Central de M\u00e9rida III.<br> En su comparecencia ante la Comisi\u00f3n de Energ\u00eda del Senado, a la que acudieron tambi\u00e9n senadores de Campeche, Quintana Roo y Yucat\u00e1n, el funcionario detall\u00f3 que la medida se apega a la aplicaci\u00f3n de la nueva normatividad.<br> \u201cCFE acord\u00f3 terminar de construir un peque\u00f1o oleoducto que va de Puerto Progreso a M\u00e9rida, que le faltaba un tramo de 10 km; obviamente pod\u00edan irse \u2018por la libre\u2019, hacer la zanja, poner los tubos y hacerla ahora y luego pedir perd\u00f3n, no lo quisieron hacer en esa forma. Entonces plantean una nueva necesidad como dice la nueva ley que el Cenace declare una emergencia para poder hacerlo de una manera r\u00e1pida, sin problemas\u201d, coment\u00f3 el funcionario.<br> Insisti\u00f3 en que la capacidad de generaci\u00f3n el\u00e9ctrica en la regi\u00f3n es suficiente, por lo que el problema real es la falta de abasto de combustible. Aclar\u00f3 que se cuenta con un contrato para abastecer a la central de M\u00e9rida III con 250 millones de pies c\u00fabicos diarios de gas natural a trav\u00e9s del gasoducto de Mayak\u00e1n, pero que dicho acuerdo no se ha cumplido. Edgar Ocampo, especialista independiente consultado por El Financiero, a la regi\u00f3n llega solo una tercera parte de esa cantidad de gas natural.<br> Ante esta situaci\u00f3n, los legisladores acordaron llamar a la Comisi\u00f3n Federal de Electricidad para que la empresa explique la problem\u00e1tica.<\/p>\n","protected":false},"excerpt":{"rendered":"<p>[Redacci\u00f3n] Insisti\u00f3 en que la capacidad de generaci\u00f3n el\u00e9ctrica en la regi\u00f3n es suficiente, por lo que el problema real es la falta de abasto de combustible Ciudad de M\u00e9xico.- El director del Centro Nacional de Control de Energ\u00eda (Cenace), Alfonso Morcos, dijo que la declaratoria de emergencia en la operaci\u00f3n de la producci\u00f3n de [&hellip;]<\/p>\n","protected":false},"author":1,"featured_media":140385,"comment_status":"open","ping_status":"open","sticky":false,"template":"","format":"standard","meta":{"footnotes":""},"categories":[8],"tags":[],"class_list":["post-140384","post","type-post","status-publish","format-standard","has-post-thumbnail","hentry","category-pais","entry","has-media"],"jetpack_featured_media_url":"http:\/\/vertienteglobal.com\/wp-content\/uploads\/2019\/06\/cfelectricidad-base.jpg","_links":{"self":[{"href":"http:\/\/vertienteglobal.com\/index.php?rest_route=\/wp\/v2\/posts\/140384","targetHints":{"allow":["GET"]}}],"collection":[{"href":"http:\/\/vertienteglobal.com\/index.php?rest_route=\/wp\/v2\/posts"}],"about":[{"href":"http:\/\/vertienteglobal.com\/index.php?rest_route=\/wp\/v2\/types\/post"}],"author":[{"embeddable":true,"href":"http:\/\/vertienteglobal.com\/index.php?rest_route=\/wp\/v2\/users\/1"}],"replies":[{"embeddable":true,"href":"http:\/\/vertienteglobal.com\/index.php?rest_route=%2Fwp%2Fv2%2Fcomments&post=140384"}],"version-history":[{"count":0,"href":"http:\/\/vertienteglobal.com\/index.php?rest_route=\/wp\/v2\/posts\/140384\/revisions"}],"wp:featuredmedia":[{"embeddable":true,"href":"http:\/\/vertienteglobal.com\/index.php?rest_route=\/wp\/v2\/media\/140385"}],"wp:attachment":[{"href":"http:\/\/vertienteglobal.com\/index.php?rest_route=%2Fwp%2Fv2%2Fmedia&parent=140384"}],"wp:term":[{"taxonomy":"category","embeddable":true,"href":"http:\/\/vertienteglobal.com\/index.php?rest_route=%2Fwp%2Fv2%2Fcategories&post=140384"},{"taxonomy":"post_tag","embeddable":true,"href":"http:\/\/vertienteglobal.com\/index.php?rest_route=%2Fwp%2Fv2%2Ftags&post=140384"}],"curies":[{"name":"wp","href":"https:\/\/api.w.org\/{rel}","templated":true}]}}