{"id":140358,"date":"2019-06-20T09:38:59","date_gmt":"2019-06-20T14:38:59","guid":{"rendered":"http:\/\/vertienteglobal.com\/?p=140358"},"modified":"2019-06-20T23:14:02","modified_gmt":"2019-06-21T04:14:02","slug":"este-viernes-inicia-el-verano-y-sera-el-dia-mas-largo-del-ano","status":"publish","type":"post","link":"http:\/\/vertienteglobal.com\/?p=140358","title":{"rendered":"Este viernes inicia el verano y ser\u00e1 el d\u00eda m\u00e1s largo del a\u00f1o"},"content":{"rendered":"\n<div class=\"twitterbutton\" style=\"float: right; padding-left: 5px;\"><a href=\"http:\/\/twitter.com\/share\" class=\"twitter-share-button\" data-count=\"horizontal\" data-text=\"Este viernes inicia el verano y ser\u00e1 el d\u00eda m\u00e1s largo del a\u00f1o\" data-via=\"https:\/\/twitter.com\/VertienteGloba1\" data-url=\"http:\/\/vertienteglobal.com\/?p=140358\" data-lang=\"es\" data-related=\"Informaci\u00f3n general:S\u00edguenos para que est\u00e9ss informado\"><\/a><\/div>\n<figure class=\"wp-block-image\"><img loading=\"lazy\" decoding=\"async\" width=\"600\" height=\"343\" src=\"http:\/\/vertienteglobal.com\/wp-content\/uploads\/2019\/06\/Este-viernes-inicia-el-verano-y-ser\u00e1-el-d\u00eda-m\u00e1s-largo-del-a\u00f1o.jpg\" alt=\"\" class=\"wp-image-140359\" srcset=\"http:\/\/vertienteglobal.com\/wp-content\/uploads\/2019\/06\/Este-viernes-inicia-el-verano-y-ser\u00e1-el-d\u00eda-m\u00e1s-largo-del-a\u00f1o.jpg 600w, http:\/\/vertienteglobal.com\/wp-content\/uploads\/2019\/06\/Este-viernes-inicia-el-verano-y-ser\u00e1-el-d\u00eda-m\u00e1s-largo-del-a\u00f1o-150x86.jpg 150w, http:\/\/vertienteglobal.com\/wp-content\/uploads\/2019\/06\/Este-viernes-inicia-el-verano-y-ser\u00e1-el-d\u00eda-m\u00e1s-largo-del-a\u00f1o-300x172.jpg 300w\" sizes=\"auto, (max-width: 600px) 100vw, 600px\" \/><\/figure>\n\n\n\n<p> [Redacci\u00f3n]<br> El pr\u00f3ximo 9 de julio, el planeta Saturno estar\u00e1 100 por ciento iluminado, motivo por el cual su magnitud ser\u00e1 m\u00e1s notable con respecto a otros d\u00edas    <br> M\u00e9rida. Yucat\u00e1n.- El astr\u00f3nomo yucateco Eddie Salazar Gamboa, inform\u00f3 que este viernes 21 de junio iniciar\u00e1 el solsticio de verano y ser\u00e1 el d\u00eda m\u00e1s largo del a\u00f1o, ya que la luz del Sol durar\u00e1 13 horas y 23 minutos, aproximadamente.<br> Expuso que el solsticio de verano iniciar\u00e1 en punto de las 10:55 horas del viernes 21, momento en el que el Sol tendr\u00e1 su mayor desplazamiento hacia el norte de la Tierra.<br> Sin embargo, ese mismo d\u00eda el astro rey saldr\u00e1 desde las 6:14 horas y se ocultar\u00e1 o antepondr\u00e1 a las 19:27 horas, por lo que tambi\u00e9n ser\u00e1 el d\u00eda m\u00e1s largo del a\u00f1o, explic\u00f3 el tambi\u00e9n acad\u00e9mico del Instituto Tecnol\u00f3gico de M\u00e9rida.<br> De igual forma, indic\u00f3 que otro fen\u00f3meno astron\u00f3mico cercano se registrar\u00e1 el pr\u00f3ximo 4 de julio, d\u00eda en que la tierra estar\u00e1 en su punto m\u00e1s lejano de la \u00f3rbita Sol, fen\u00f3meno que se le conoce como \u201cafelio\u201d<br> La distancia promedio entre la Tierra y el Sol es de 150 millones de kil\u00f3metros y ese d\u00eda, el 4 de julio, la tierra se ubicar\u00e1 a unos 152 millones de kil\u00f3metros de la \u00f3rbita del astro, o sea se registrar\u00e1 su punto m\u00e1s lejano y su contraparte se conocer como el perihelio, que el punto m\u00e1s cercano de la Tierra al Sol. El perihelio suele registrarse en las cercan\u00edas del 3 de enero de cada a\u00f1o.<br> Asimismo, el pr\u00f3ximo 9 de julio, el planeta Saturno estar\u00e1 100 por ciento iluminado, motivo por el cual su magnitud ser\u00e1 m\u00e1s notable con respecto a otros d\u00edas, subray\u00f3.<br> Explic\u00f3 que hoy, Saturno est\u00e1 a 9.173809 Unidades Astron\u00f3micas con respecto a la Tierra, es decir, estar\u00e1 a mil 372.4 millones de kil\u00f3metros del globo terr\u00e1queo y poco a poco se desplazar\u00e1 hasta tener una magnitud estelar de 0.2, por lo ser\u00e1 uno de los planetas m\u00e1s brillantes de la b\u00f3veda celeste.<br> Ese d\u00eda (9 de julio) Saturno y estar\u00e1 ubicado en la llamada \u201cconstelaci\u00f3n de Sagitario\u201d, que es una constelaci\u00f3n muy frecuentada por los aficionados a la astronom\u00eda, ya que en ella se encuentran gran cantidad de objetos de cielo profundo.<\/p>\n","protected":false},"excerpt":{"rendered":"<p>[Redacci\u00f3n] El pr\u00f3ximo 9 de julio, el planeta Saturno estar\u00e1 100 por ciento iluminado, motivo por el cual su magnitud ser\u00e1 m\u00e1s notable con respecto a otros d\u00edas M\u00e9rida. Yucat\u00e1n.- El astr\u00f3nomo yucateco Eddie Salazar Gamboa, inform\u00f3 que este viernes 21 de junio iniciar\u00e1 el solsticio de verano y ser\u00e1 el d\u00eda m\u00e1s largo del [&hellip;]<\/p>\n","protected":false},"author":1,"featured_media":140359,"comment_status":"open","ping_status":"open","sticky":false,"template":"","format":"standard","meta":{"footnotes":""},"categories":[8,2],"tags":[],"class_list":["post-140358","post","type-post","status-publish","format-standard","has-post-thumbnail","hentry","category-pais","category-yucatan","entry","has-media"],"jetpack_featured_media_url":"http:\/\/vertienteglobal.com\/wp-content\/uploads\/2019\/06\/Este-viernes-inicia-el-verano-y-ser\u00e1-el-d\u00eda-m\u00e1s-largo-del-a\u00f1o.jpg","_links":{"self":[{"href":"http:\/\/vertienteglobal.com\/index.php?rest_route=\/wp\/v2\/posts\/140358","targetHints":{"allow":["GET"]}}],"collection":[{"href":"http:\/\/vertienteglobal.com\/index.php?rest_route=\/wp\/v2\/posts"}],"about":[{"href":"http:\/\/vertienteglobal.com\/index.php?rest_route=\/wp\/v2\/types\/post"}],"author":[{"embeddable":true,"href":"http:\/\/vertienteglobal.com\/index.php?rest_route=\/wp\/v2\/users\/1"}],"replies":[{"embeddable":true,"href":"http:\/\/vertienteglobal.com\/index.php?rest_route=%2Fwp%2Fv2%2Fcomments&post=140358"}],"version-history":[{"count":0,"href":"http:\/\/vertienteglobal.com\/index.php?rest_route=\/wp\/v2\/posts\/140358\/revisions"}],"wp:featuredmedia":[{"embeddable":true,"href":"http:\/\/vertienteglobal.com\/index.php?rest_route=\/wp\/v2\/media\/140359"}],"wp:attachment":[{"href":"http:\/\/vertienteglobal.com\/index.php?rest_route=%2Fwp%2Fv2%2Fmedia&parent=140358"}],"wp:term":[{"taxonomy":"category","embeddable":true,"href":"http:\/\/vertienteglobal.com\/index.php?rest_route=%2Fwp%2Fv2%2Fcategories&post=140358"},{"taxonomy":"post_tag","embeddable":true,"href":"http:\/\/vertienteglobal.com\/index.php?rest_route=%2Fwp%2Fv2%2Ftags&post=140358"}],"curies":[{"name":"wp","href":"https:\/\/api.w.org\/{rel}","templated":true}]}}