{"id":140170,"date":"2019-06-17T16:39:30","date_gmt":"2019-06-17T21:39:30","guid":{"rendered":"http:\/\/vertienteglobal.com\/?p=140170"},"modified":"2019-06-18T03:41:54","modified_gmt":"2019-06-18T08:41:54","slug":"suman-ujat-y-cenepred-esfuerzos-para-prevencion-de-la-violencia-en-tabasco","status":"publish","type":"post","link":"http:\/\/vertienteglobal.com\/?p=140170","title":{"rendered":"Suman UJAT y CENEPRED esfuerzos para prevenci\u00f3n de la violencia en Tabasco"},"content":{"rendered":"\n<div class=\"twitterbutton\" style=\"float: right; padding-left: 5px;\"><a href=\"http:\/\/twitter.com\/share\" class=\"twitter-share-button\" data-count=\"horizontal\" data-text=\"Suman UJAT y CENEPRED esfuerzos para prevenci\u00f3n de la violencia en Tabasco\" data-via=\"https:\/\/twitter.com\/VertienteGloba1\" data-url=\"http:\/\/vertienteglobal.com\/?p=140170\" data-lang=\"es\" data-related=\"Informaci\u00f3n general:S\u00edguenos para que est\u00e9ss informado\"><\/a><\/div>\n<figure class=\"wp-block-image\"><img loading=\"lazy\" decoding=\"async\" width=\"600\" height=\"361\" src=\"http:\/\/vertienteglobal.com\/wp-content\/uploads\/2019\/06\/Suman-UJAT-y-CENEPRED-esfuerzos-para-prevenci\u00f3n-de-la-violencia-en-Tabasco.jpg\" alt=\"\" class=\"wp-image-140171\" srcset=\"http:\/\/vertienteglobal.com\/wp-content\/uploads\/2019\/06\/Suman-UJAT-y-CENEPRED-esfuerzos-para-prevenci\u00f3n-de-la-violencia-en-Tabasco.jpg 600w, http:\/\/vertienteglobal.com\/wp-content\/uploads\/2019\/06\/Suman-UJAT-y-CENEPRED-esfuerzos-para-prevenci\u00f3n-de-la-violencia-en-Tabasco-150x90.jpg 150w, http:\/\/vertienteglobal.com\/wp-content\/uploads\/2019\/06\/Suman-UJAT-y-CENEPRED-esfuerzos-para-prevenci\u00f3n-de-la-violencia-en-Tabasco-300x181.jpg 300w\" sizes=\"auto, (max-width: 600px) 100vw, 600px\" \/><\/figure>\n\n\n\n<p> [Carlo Magno Mendiola Rodr\u00edguez] <br> El rector a\u00f1adi\u00f3 que la prevenci\u00f3n del delito debe darse en dos grandes frentes, aumentando la presencia policiaca en zonas conflictivas y a trav\u00e9s de talleres de capacitaci\u00f3n laboral o pl\u00e1ticas de orientaci\u00f3n a j\u00f3venes con alto riesgo de cometer delitos, ya sea porque tienen antecedentes o relaci\u00f3n con pandillas o porque abandonaron la escuela<br> Villahermosa, Tabasco.- A trav\u00e9s de un Convenio General de Colaboraci\u00f3n, la Universidad Ju\u00e1rez Aut\u00f3noma de Tabasco (UJAT) y el Centro Estatal de Prevenci\u00f3n Social del Delito y Participaci\u00f3n Ciudadana (CENEPRED), trabajar\u00e1n de forma conjunta en el desarrollo de programas, proyectos, acciones y actividades tendientes a la prevenci\u00f3n de la violencia en el estado de Tabasco. <br> El acuerdo firmado por el rector de la UJAT, Jos\u00e9 Manuel Pi\u00f1a Guti\u00e9rrez y la directora del CENEPRED, Isi Ver\u00f3nica Lara Andrade, favorecer\u00e1 el m\u00e1ximo aprovechamiento de los recursos humanos y materiales, a trav\u00e9s de la realizaci\u00f3n del servicio social y pr\u00e1cticas profesionales de los estudiantes y egresados. <br> Se\u00f1al\u00f3 que la violencia en la entidad es un problema vasto y enormemente complejo, pero que la M\u00e1xima Casa de Estudios de la entidad puede aportar su grano de arena para que la prevenci\u00f3n del delito funcione, ya que cuenta con especialistas en disciplinas como la psicolog\u00eda y el trabajo social, que pueden ser sumamente \u00fatiles para el cometido del convenio firmado. <br> De acuerdo con estudios de instancias internacionales, el rector a\u00f1adi\u00f3 que la prevenci\u00f3n del delito debe darse en dos grandes frentes, aumentando la presencia policiaca en zonas conflictivas y a trav\u00e9s de talleres de capacitaci\u00f3n laboral o pl\u00e1ticas de orientaci\u00f3n a j\u00f3venes con alto riesgo de cometer delitos, ya sea porque tienen antecedentes o relaci\u00f3n con pandillas o porque abandonaron la escuela. <br> Por su parte, la Titular del CENEPRED, Isi Ver\u00f3nica Lara Andrade, apunt\u00f3 que con el convenio se atiende uno de los temas claves de la agenda gubernamental en la entidad, al que hay dar atenci\u00f3n de manera coordinada, desde todos los frentes y con la suma de todas las voluntades. <br> Luego de anunciar el programa \u201cJ\u00f3venes construyendo la prevenci\u00f3n\u201d que impulsa la dependencia y que se fortalecer\u00e1 con la colaboraci\u00f3n de la comunidad universitaria, precis\u00f3 que con la suma de esfuerzos \u201cjuntos podemos abonar a lograr ese anhelo de erradicar la violencia y abatir la inseguridad\u201d. <br> A la ceremonia que tuvo lugar el 17 de junio en la sala Morelos de la Rector\u00eda, tambi\u00e9n asistieron el director de la Divisi\u00f3n Acad\u00e9mica de Ciencias Sociales y Humanidades, Fernando Rabelo Hartmann; el secretario de Investigaci\u00f3n Posgrado y Vinculaci\u00f3n, Ra\u00fal Guzm\u00e1n Le\u00f3n y el director de Vinculaci\u00f3n, Fabi\u00e1n Chabl\u00e9 Falc\u00f3n, personal del CENEPRED y de la UJAT.<\/p>\n","protected":false},"excerpt":{"rendered":"<p>[Carlo Magno Mendiola Rodr\u00edguez] El rector a\u00f1adi\u00f3 que la prevenci\u00f3n del delito debe darse en dos grandes frentes, aumentando la presencia policiaca en zonas conflictivas y a trav\u00e9s de talleres de capacitaci\u00f3n laboral o pl\u00e1ticas de orientaci\u00f3n a j\u00f3venes con alto riesgo de cometer delitos, ya sea porque tienen antecedentes o relaci\u00f3n con pandillas o [&hellip;]<\/p>\n","protected":false},"author":1,"featured_media":140171,"comment_status":"open","ping_status":"open","sticky":false,"template":"","format":"standard","meta":{"footnotes":""},"categories":[9],"tags":[],"class_list":["post-140170","post","type-post","status-publish","format-standard","has-post-thumbnail","hentry","category-educacion","entry","has-media"],"jetpack_featured_media_url":"http:\/\/vertienteglobal.com\/wp-content\/uploads\/2019\/06\/Suman-UJAT-y-CENEPRED-esfuerzos-para-prevenci\u00f3n-de-la-violencia-en-Tabasco.jpg","_links":{"self":[{"href":"http:\/\/vertienteglobal.com\/index.php?rest_route=\/wp\/v2\/posts\/140170","targetHints":{"allow":["GET"]}}],"collection":[{"href":"http:\/\/vertienteglobal.com\/index.php?rest_route=\/wp\/v2\/posts"}],"about":[{"href":"http:\/\/vertienteglobal.com\/index.php?rest_route=\/wp\/v2\/types\/post"}],"author":[{"embeddable":true,"href":"http:\/\/vertienteglobal.com\/index.php?rest_route=\/wp\/v2\/users\/1"}],"replies":[{"embeddable":true,"href":"http:\/\/vertienteglobal.com\/index.php?rest_route=%2Fwp%2Fv2%2Fcomments&post=140170"}],"version-history":[{"count":0,"href":"http:\/\/vertienteglobal.com\/index.php?rest_route=\/wp\/v2\/posts\/140170\/revisions"}],"wp:featuredmedia":[{"embeddable":true,"href":"http:\/\/vertienteglobal.com\/index.php?rest_route=\/wp\/v2\/media\/140171"}],"wp:attachment":[{"href":"http:\/\/vertienteglobal.com\/index.php?rest_route=%2Fwp%2Fv2%2Fmedia&parent=140170"}],"wp:term":[{"taxonomy":"category","embeddable":true,"href":"http:\/\/vertienteglobal.com\/index.php?rest_route=%2Fwp%2Fv2%2Fcategories&post=140170"},{"taxonomy":"post_tag","embeddable":true,"href":"http:\/\/vertienteglobal.com\/index.php?rest_route=%2Fwp%2Fv2%2Ftags&post=140170"}],"curies":[{"name":"wp","href":"https:\/\/api.w.org\/{rel}","templated":true}]}}