{"id":140159,"date":"2019-06-17T10:49:20","date_gmt":"2019-06-17T15:49:20","guid":{"rendered":"http:\/\/vertienteglobal.com\/?p=140159"},"modified":"2019-06-18T03:28:15","modified_gmt":"2019-06-18T08:28:15","slug":"exponen-en-la-ujat-talentos-artisticos-estudiantes-del-ceda","status":"publish","type":"post","link":"http:\/\/vertienteglobal.com\/?p=140159","title":{"rendered":"Exponen en la UJAT, talentos art\u00edsticos estudiantes del CEDA"},"content":{"rendered":"\n<div class=\"twitterbutton\" style=\"float: right; padding-left: 5px;\"><a href=\"http:\/\/twitter.com\/share\" class=\"twitter-share-button\" data-count=\"horizontal\" data-text=\"Exponen en la UJAT, talentos art\u00edsticos estudiantes del CEDA\" data-via=\"https:\/\/twitter.com\/VertienteGloba1\" data-url=\"http:\/\/vertienteglobal.com\/?p=140159\" data-lang=\"es\" data-related=\"Informaci\u00f3n general:S\u00edguenos para que est\u00e9ss informado\"><\/a><\/div>\n<figure class=\"wp-block-image\"><img loading=\"lazy\" decoding=\"async\" width=\"600\" height=\"346\" src=\"http:\/\/vertienteglobal.com\/wp-content\/uploads\/2019\/06\/Exponen-talentos-art\u00edsticos-estudiantes.jpg\" alt=\"\" class=\"wp-image-140160\" srcset=\"http:\/\/vertienteglobal.com\/wp-content\/uploads\/2019\/06\/Exponen-talentos-art\u00edsticos-estudiantes.jpg 600w, http:\/\/vertienteglobal.com\/wp-content\/uploads\/2019\/06\/Exponen-talentos-art\u00edsticos-estudiantes-150x87.jpg 150w, http:\/\/vertienteglobal.com\/wp-content\/uploads\/2019\/06\/Exponen-talentos-art\u00edsticos-estudiantes-300x173.jpg 300w\" sizes=\"auto, (max-width: 600px) 100vw, 600px\" \/><\/figure>\n\n\n\n<p> [Carlo Magno Mendiola Rodr\u00edguez]<br> Para el segundo d\u00eda de actividades, la tarde inici\u00f3 con las presentaciones de los alumnos del Taller de Danza y Bailes Populares, que ataviados con coloridos trajes, mostraron los mejores pasos de Estados como Nayarit y Tlaxcala<br> Villahermosa, Tabasco.- Durante los d\u00edas 13 y 14 de junio el escenario del Teatro Universitario de la Universidad Ju\u00e1rez Aut\u00f3noma de Tabasco (UJAT) se visti\u00f3 de elegancia, talento, colorido y ritmo por parte de los ni\u00f1os y j\u00f3venes estudiantes que llevaron a cabo las muestras pedag\u00f3gicas de los Talleres Culturales del Centro de Desarrollo de las Artes al culminar sus estudios correspondientes al Ciclo Escolar 2019-01. <br> Uno a uno, los estudiantes del Taller de Literatura y Lengua Chontal, compartieron con el p\u00fablico las lecturas de algunos poemas, mientras que los de Canto, Guitarra, Piano, Ritmo y Percusiones, Bajo El\u00e9ctrico y Tamborileros deleitaron con sus voces y sus ejecuciones. <br> Para el segundo d\u00eda de actividades, la tarde inici\u00f3 con las presentaciones de los alumnos del Taller de Danza y Bailes Populares, que ataviados con coloridos trajes, mostraron los mejores pasos de Estados como Nayarit y Tlaxcala. <br> Luego toc\u00f3 el turno a los estudiantes de Danza Moderna Jazz y del taller sabatino de Danza Jazz Kids, quienes representaron fragmentos de la obra \u201cEl Rey Le\u00f3n\u201d, mientras que el cierre de esta muestra cultural estuvo marcada por el taconeo y las faldas floreadas, propias del zapateo tabasque\u00f1o.<\/p>\n","protected":false},"excerpt":{"rendered":"<p>[Carlo Magno Mendiola Rodr\u00edguez] Para el segundo d\u00eda de actividades, la tarde inici\u00f3 con las presentaciones de los alumnos del Taller de Danza y Bailes Populares, que ataviados con coloridos trajes, mostraron los mejores pasos de Estados como Nayarit y Tlaxcala Villahermosa, Tabasco.- Durante los d\u00edas 13 y 14 de junio el escenario del Teatro [&hellip;]<\/p>\n","protected":false},"author":1,"featured_media":140160,"comment_status":"open","ping_status":"open","sticky":false,"template":"","format":"standard","meta":{"footnotes":""},"categories":[9],"tags":[],"class_list":["post-140159","post","type-post","status-publish","format-standard","has-post-thumbnail","hentry","category-educacion","entry","has-media"],"jetpack_featured_media_url":"http:\/\/vertienteglobal.com\/wp-content\/uploads\/2019\/06\/Exponen-talentos-art\u00edsticos-estudiantes.jpg","_links":{"self":[{"href":"http:\/\/vertienteglobal.com\/index.php?rest_route=\/wp\/v2\/posts\/140159","targetHints":{"allow":["GET"]}}],"collection":[{"href":"http:\/\/vertienteglobal.com\/index.php?rest_route=\/wp\/v2\/posts"}],"about":[{"href":"http:\/\/vertienteglobal.com\/index.php?rest_route=\/wp\/v2\/types\/post"}],"author":[{"embeddable":true,"href":"http:\/\/vertienteglobal.com\/index.php?rest_route=\/wp\/v2\/users\/1"}],"replies":[{"embeddable":true,"href":"http:\/\/vertienteglobal.com\/index.php?rest_route=%2Fwp%2Fv2%2Fcomments&post=140159"}],"version-history":[{"count":0,"href":"http:\/\/vertienteglobal.com\/index.php?rest_route=\/wp\/v2\/posts\/140159\/revisions"}],"wp:featuredmedia":[{"embeddable":true,"href":"http:\/\/vertienteglobal.com\/index.php?rest_route=\/wp\/v2\/media\/140160"}],"wp:attachment":[{"href":"http:\/\/vertienteglobal.com\/index.php?rest_route=%2Fwp%2Fv2%2Fmedia&parent=140159"}],"wp:term":[{"taxonomy":"category","embeddable":true,"href":"http:\/\/vertienteglobal.com\/index.php?rest_route=%2Fwp%2Fv2%2Fcategories&post=140159"},{"taxonomy":"post_tag","embeddable":true,"href":"http:\/\/vertienteglobal.com\/index.php?rest_route=%2Fwp%2Fv2%2Ftags&post=140159"}],"curies":[{"name":"wp","href":"https:\/\/api.w.org\/{rel}","templated":true}]}}