{"id":139945,"date":"2019-06-12T15:39:42","date_gmt":"2019-06-12T20:39:42","guid":{"rendered":"http:\/\/vertienteglobal.com\/?p=139945"},"modified":"2019-06-12T18:19:09","modified_gmt":"2019-06-12T23:19:09","slug":"anuncia-el-gobernador-mauricio-vila-dosal-incremento-salarial-para-mas-de-28-mil-trabajadores-de-la-educacion-en-yucatan","status":"publish","type":"post","link":"http:\/\/vertienteglobal.com\/?p=139945","title":{"rendered":"Anuncia el Gobernador Mauricio Vila Dosal incremento salarial para m\u00e1s de 28 mil trabajadores de la educaci\u00f3n en Yucat\u00e1n"},"content":{"rendered":"\n<div class=\"twitterbutton\" style=\"float: right; padding-left: 5px;\"><a href=\"http:\/\/twitter.com\/share\" class=\"twitter-share-button\" data-count=\"horizontal\" data-text=\"Anuncia el Gobernador Mauricio Vila Dosal incremento salarial para m\u00e1s de 28 mi...\" data-via=\"https:\/\/twitter.com\/VertienteGloba1\" data-url=\"http:\/\/vertienteglobal.com\/?p=139945\" data-lang=\"es\" data-related=\"Informaci\u00f3n general:S\u00edguenos para que est\u00e9ss informado\"><\/a><\/div>\n<figure class=\"wp-block-image\"><img loading=\"lazy\" decoding=\"async\" width=\"600\" height=\"364\" src=\"http:\/\/vertienteglobal.com\/wp-content\/uploads\/2019\/06\/Anuncia-Vila-incremento-salarial-a-28-mil-trabajadores-de-la-educaci\u00f3n-en-Yucat\u00e1n.jpg\" alt=\"\" class=\"wp-image-139946\" srcset=\"http:\/\/vertienteglobal.com\/wp-content\/uploads\/2019\/06\/Anuncia-Vila-incremento-salarial-a-28-mil-trabajadores-de-la-educaci\u00f3n-en-Yucat\u00e1n.jpg 600w, http:\/\/vertienteglobal.com\/wp-content\/uploads\/2019\/06\/Anuncia-Vila-incremento-salarial-a-28-mil-trabajadores-de-la-educaci\u00f3n-en-Yucat\u00e1n-150x91.jpg 150w, http:\/\/vertienteglobal.com\/wp-content\/uploads\/2019\/06\/Anuncia-Vila-incremento-salarial-a-28-mil-trabajadores-de-la-educaci\u00f3n-en-Yucat\u00e1n-300x182.jpg 300w\" sizes=\"auto, (max-width: 600px) 100vw, 600px\" \/><\/figure>\n\n\n\n<p> [Redacci\u00f3n]<br> Este incremento representa un monto superior a los 114 millones de pesos y es retroactivo al 1 de enero para el personal de Educaci\u00f3n B\u00e1sica y de Apoyo y Asistencia a la Educaci\u00f3n; y al 1 de febrero para los trabajadores de Educaci\u00f3n Media Superior y Superior<br> M\u00e9rida, Yucat\u00e1n.- M\u00e1s de 28 mil trabajadores de la Secretar\u00eda de Educaci\u00f3n del Estado (Segey) recibir\u00e1n un incremento salarial superior al 4 %, el cual se har\u00e1 efectivo durante la primera quincena de junio y ser\u00e1 retroactivo al 1 de enero, anunci\u00f3 el Gobernador Mauricio Vila Dosal.<br> El Gobernador indic\u00f3 que el aumento es resultado de un acuerdo establecido entre la Secretar\u00eda de Educaci\u00f3n P\u00fablica Federal (SEP), la Segey y los sindicatos magisteriales, con lo que se viene a sumar al incremento en percepciones y prestaciones anunciado hace unas semanas en beneficio de los trabajadores del Gobierno del Estado.<br> Con base en lo acordado, se otorg\u00f3 un aumento del 4.45% para el Personal Docente de Educaci\u00f3n B\u00e1sica, del 4.05% para el Personal de Apoyo y Asistencia a la Educaci\u00f3n (PAAES) y del 4.35% para el Personal de Educaci\u00f3n Media Superior y Superior.<br> Este incremento representa un monto superior a los 114 millones de pesos y es retroactivo al 1 de enero para el personal de Educaci\u00f3n B\u00e1sica y de Apoyo y Asistencia a la Educaci\u00f3n; y al 1 de febrero para los trabajadores de Educaci\u00f3n Media Superior y Superior.<br> El Gobernador resalt\u00f3 la disposici\u00f3n y voluntad del Gobierno federal y de los sindicatos magisteriales para lograr este acuerdo de mejora salarial en beneficio de los trabajadores de la educaci\u00f3n, quienes con su labor contribuyen a formar en las aulas a las nuevas generaciones de yucatecos.<\/p>\n","protected":false},"excerpt":{"rendered":"<p>[Redacci\u00f3n] Este incremento representa un monto superior a los 114 millones de pesos y es retroactivo al 1 de enero para el personal de Educaci\u00f3n B\u00e1sica y de Apoyo y Asistencia a la Educaci\u00f3n; y al 1 de febrero para los trabajadores de Educaci\u00f3n Media Superior y Superior M\u00e9rida, Yucat\u00e1n.- M\u00e1s de 28 mil trabajadores [&hellip;]<\/p>\n","protected":false},"author":1,"featured_media":139946,"comment_status":"open","ping_status":"open","sticky":false,"template":"","format":"standard","meta":{"footnotes":""},"categories":[2],"tags":[],"class_list":["post-139945","post","type-post","status-publish","format-standard","has-post-thumbnail","hentry","category-yucatan","entry","has-media"],"jetpack_featured_media_url":"http:\/\/vertienteglobal.com\/wp-content\/uploads\/2019\/06\/Anuncia-Vila-incremento-salarial-a-28-mil-trabajadores-de-la-educaci\u00f3n-en-Yucat\u00e1n.jpg","_links":{"self":[{"href":"http:\/\/vertienteglobal.com\/index.php?rest_route=\/wp\/v2\/posts\/139945","targetHints":{"allow":["GET"]}}],"collection":[{"href":"http:\/\/vertienteglobal.com\/index.php?rest_route=\/wp\/v2\/posts"}],"about":[{"href":"http:\/\/vertienteglobal.com\/index.php?rest_route=\/wp\/v2\/types\/post"}],"author":[{"embeddable":true,"href":"http:\/\/vertienteglobal.com\/index.php?rest_route=\/wp\/v2\/users\/1"}],"replies":[{"embeddable":true,"href":"http:\/\/vertienteglobal.com\/index.php?rest_route=%2Fwp%2Fv2%2Fcomments&post=139945"}],"version-history":[{"count":0,"href":"http:\/\/vertienteglobal.com\/index.php?rest_route=\/wp\/v2\/posts\/139945\/revisions"}],"wp:featuredmedia":[{"embeddable":true,"href":"http:\/\/vertienteglobal.com\/index.php?rest_route=\/wp\/v2\/media\/139946"}],"wp:attachment":[{"href":"http:\/\/vertienteglobal.com\/index.php?rest_route=%2Fwp%2Fv2%2Fmedia&parent=139945"}],"wp:term":[{"taxonomy":"category","embeddable":true,"href":"http:\/\/vertienteglobal.com\/index.php?rest_route=%2Fwp%2Fv2%2Fcategories&post=139945"},{"taxonomy":"post_tag","embeddable":true,"href":"http:\/\/vertienteglobal.com\/index.php?rest_route=%2Fwp%2Fv2%2Ftags&post=139945"}],"curies":[{"name":"wp","href":"https:\/\/api.w.org\/{rel}","templated":true}]}}