{"id":139678,"date":"2019-06-05T21:39:06","date_gmt":"2019-06-06T02:39:06","guid":{"rendered":"http:\/\/vertienteglobal.com\/?p=139678"},"modified":"2019-06-09T00:11:08","modified_gmt":"2019-06-09T05:11:08","slug":"calificadoras-bajan-perspectiva-de-crecimiento-para-mexico","status":"publish","type":"post","link":"http:\/\/vertienteglobal.com\/?p=139678","title":{"rendered":"Calificadoras bajan perspectiva de crecimiento para M\u00e9xico"},"content":{"rendered":"\n<div class=\"twitterbutton\" style=\"float: right; padding-left: 5px;\"><a href=\"http:\/\/twitter.com\/share\" class=\"twitter-share-button\" data-count=\"horizontal\" data-text=\"Calificadoras bajan perspectiva de crecimiento para M\u00e9xico\" data-via=\"https:\/\/twitter.com\/VertienteGloba1\" data-url=\"http:\/\/vertienteglobal.com\/?p=139678\" data-lang=\"es\" data-related=\"Informaci\u00f3n general:S\u00edguenos para que est\u00e9ss informado\"><\/a><\/div>\n<figure class=\"wp-block-image\"><img loading=\"lazy\" decoding=\"async\" width=\"600\" height=\"378\" src=\"http:\/\/vertienteglobal.com\/wp-content\/uploads\/2019\/06\/pemex-baja.jpg\" alt=\"\" class=\"wp-image-139680\" srcset=\"http:\/\/vertienteglobal.com\/wp-content\/uploads\/2019\/06\/pemex-baja.jpg 600w, http:\/\/vertienteglobal.com\/wp-content\/uploads\/2019\/06\/pemex-baja-150x95.jpg 150w, http:\/\/vertienteglobal.com\/wp-content\/uploads\/2019\/06\/pemex-baja-300x189.jpg 300w\" sizes=\"auto, (max-width: 600px) 100vw, 600px\" \/><\/figure>\n\n\n\n<p> [Redacci\u00f3n]<br> El impacto del pasivo contingente representado por Pemex pesa cada vez m\u00e1s en el perfil de cr\u00e9dito soberano, como lo demuestra la baja calificaci\u00f3n de Fitch de la empresa petrolera mexicana a BBB-, desde BBB + en enero de 2019, y el perfil de cr\u00e9dito independiente de CCC<br> Ciudad de M\u00e9xico.- La calificadora Fitch modific\u00f3 este mi\u00e9rcoles la calificaci\u00f3n de M\u00e9xico, de BBB+ a BBB, mientras que Moody\u2019s revis\u00f3 la perspectiva de la nota soberana del pa\u00eds de estable a negativa, pero mantiene la calificaci\u00f3n en A3.<br> Fitch inform\u00f3 que modific\u00f3 la calificaci\u00f3n de M\u00e9xico de BBB+ a BBB y modific\u00f3 la perspectiva a \u201cestable\u201d desde \u201cnegativa\u201d, como un reflejo una combinaci\u00f3n del mayor riesgo para las finanzas p\u00fablicas del pa\u00eds debido al deterioro del perfil crediticio de Petr\u00f3leos Mexicanos (Pemex).<br> Esto, junto con la debilidad actual en la perspectiva macroecon\u00f3mica, que se ve agravada por las amenazas externas de las tensiones comerciales, cierta incertidumbre de la pol\u00edtica interna y las constantes restricciones fiscales, abund\u00f3 en un reporte emitido en Nueva York.<br> El impacto del pasivo contingente representado por Pemex pesa cada vez m\u00e1s en el perfil de cr\u00e9dito soberano, como lo demuestra la baja calificaci\u00f3n de Fitch de la empresa petrolera mexicana a BBB-, desde BBB + en enero de 2019, y el perfil de cr\u00e9dito independiente de CCC.<br> Adem\u00e1s, el crecimiento contin\u00faa por debajo del desempe\u00f1o, y los riesgos a la baja han aumentado por las amenazas del presidente de Estados Unidos, Donald Trump, de imponer aranceles en M\u00e9xico a partir del pr\u00f3ximo 10 de junio, de inicio de 5.0 por ciento, con un alza adicional cada mes hasta 25 por ciento.<br> El crecimiento de M\u00e9xico promedia 2.6 por ciento en los \u00faltimos cinco a\u00f1os, por debajo de la media de otros pa\u00edses con calificaci\u00f3n BBB, de 3.6 por ciento.<br> Si bien el crecimiento alcanz\u00f3 2.0 por ciento en 2018, el ritmo de crecimiento se desaceler\u00f3 durante el a\u00f1o pasado y la econom\u00eda solo evit\u00f3 la recesi\u00f3n, ya que el crecimiento fue plano en el cuarto trimestre del a\u00f1o pasado, antes de contraerse 0.2 por ciento trimestral durante el periodo enero-marzo de 2019.<br> Por otra parte, Moody\u2019s afirm\u00f3 la calificaci\u00f3n de emisor de Aaa.mx en escala nacional de M\u00e9xico y la calificaci\u00f3n en escala global de A3, pero cambi\u00f3 la perspectiva de esa nota, de \u201cestable\u201d a \u201cnegativa\u201d.<br> Explic\u00f3 que la afirmaci\u00f3n de las calificaciones considera, por un lado, la extensa y diversificada econom\u00eda de M\u00e9xico, la elevada fortaleza fiscal y la baja susceptibilidad a eventos de riesgo, y por el otro, los desaf\u00edos relacionados a las d\u00e9biles tasas de crecimiento, una fortaleza institucional m\u00e1s d\u00e9bil en comparaci\u00f3n con los pares de calificaci\u00f3n y un enorme sector informal.<br> La agencia evaluadora expuso en un reporte que si bien no es probable que se d\u00e9 un alza de la calificaci\u00f3n A3 en el futuro cercano, la perspectiva podr\u00eda regresar a estable si se recupera la confianza en la habilidad del gobierno para establecer e implementar pol\u00edticas predecibles.<\/p>\n","protected":false},"excerpt":{"rendered":"<p>[Redacci\u00f3n] El impacto del pasivo contingente representado por Pemex pesa cada vez m\u00e1s en el perfil de cr\u00e9dito soberano, como lo demuestra la baja calificaci\u00f3n de Fitch de la empresa petrolera mexicana a BBB-, desde BBB + en enero de 2019, y el perfil de cr\u00e9dito independiente de CCC Ciudad de M\u00e9xico.- La calificadora Fitch [&hellip;]<\/p>\n","protected":false},"author":1,"featured_media":139680,"comment_status":"open","ping_status":"open","sticky":false,"template":"","format":"standard","meta":{"footnotes":""},"categories":[8],"tags":[],"class_list":["post-139678","post","type-post","status-publish","format-standard","has-post-thumbnail","hentry","category-pais","entry","has-media"],"jetpack_featured_media_url":"http:\/\/vertienteglobal.com\/wp-content\/uploads\/2019\/06\/pemex-baja.jpg","_links":{"self":[{"href":"http:\/\/vertienteglobal.com\/index.php?rest_route=\/wp\/v2\/posts\/139678","targetHints":{"allow":["GET"]}}],"collection":[{"href":"http:\/\/vertienteglobal.com\/index.php?rest_route=\/wp\/v2\/posts"}],"about":[{"href":"http:\/\/vertienteglobal.com\/index.php?rest_route=\/wp\/v2\/types\/post"}],"author":[{"embeddable":true,"href":"http:\/\/vertienteglobal.com\/index.php?rest_route=\/wp\/v2\/users\/1"}],"replies":[{"embeddable":true,"href":"http:\/\/vertienteglobal.com\/index.php?rest_route=%2Fwp%2Fv2%2Fcomments&post=139678"}],"version-history":[{"count":0,"href":"http:\/\/vertienteglobal.com\/index.php?rest_route=\/wp\/v2\/posts\/139678\/revisions"}],"wp:featuredmedia":[{"embeddable":true,"href":"http:\/\/vertienteglobal.com\/index.php?rest_route=\/wp\/v2\/media\/139680"}],"wp:attachment":[{"href":"http:\/\/vertienteglobal.com\/index.php?rest_route=%2Fwp%2Fv2%2Fmedia&parent=139678"}],"wp:term":[{"taxonomy":"category","embeddable":true,"href":"http:\/\/vertienteglobal.com\/index.php?rest_route=%2Fwp%2Fv2%2Fcategories&post=139678"},{"taxonomy":"post_tag","embeddable":true,"href":"http:\/\/vertienteglobal.com\/index.php?rest_route=%2Fwp%2Fv2%2Ftags&post=139678"}],"curies":[{"name":"wp","href":"https:\/\/api.w.org\/{rel}","templated":true}]}}