{"id":139269,"date":"2019-05-27T20:36:28","date_gmt":"2019-05-28T01:36:28","guid":{"rendered":"http:\/\/vertienteglobal.com\/?p=139269"},"modified":"2019-05-28T02:38:02","modified_gmt":"2019-05-28T07:38:02","slug":"presenta-sep-calendario-escolar-de-190-dias-de-clases","status":"publish","type":"post","link":"http:\/\/vertienteglobal.com\/?p=139269","title":{"rendered":"Presenta SEP calendario Escolar de 190 d\u00edas de clases"},"content":{"rendered":"\n<div class=\"twitterbutton\" style=\"float: right; padding-left: 5px;\"><a href=\"http:\/\/twitter.com\/share\" class=\"twitter-share-button\" data-count=\"horizontal\" data-text=\"Presenta SEP calendario Escolar de 190 d\u00edas de clases\" data-via=\"https:\/\/twitter.com\/VertienteGloba1\" data-url=\"http:\/\/vertienteglobal.com\/?p=139269\" data-lang=\"es\" data-related=\"Informaci\u00f3n general:S\u00edguenos para que est\u00e9ss informado\"><\/a><\/div>\n<figure class=\"wp-block-image\"><img loading=\"lazy\" decoding=\"async\" width=\"600\" height=\"365\" src=\"http:\/\/vertienteglobal.com\/wp-content\/uploads\/2019\/05\/ciclo-escolar-SEP.jpg\" alt=\"\" class=\"wp-image-139270\" srcset=\"http:\/\/vertienteglobal.com\/wp-content\/uploads\/2019\/05\/ciclo-escolar-SEP.jpg 600w, http:\/\/vertienteglobal.com\/wp-content\/uploads\/2019\/05\/ciclo-escolar-SEP-150x91.jpg 150w, http:\/\/vertienteglobal.com\/wp-content\/uploads\/2019\/05\/ciclo-escolar-SEP-300x183.jpg 300w\" sizes=\"auto, (max-width: 600px) 100vw, 600px\" \/><\/figure>\n\n\n\n<p> [Redacci\u00f3n]<br> Detall\u00f3 que en total habr\u00e1 13 consejos t\u00e9cnicos escolares que ya no se realizar\u00e1n cada viernes de fin de mes a fin de favorecer la agenda familiar<br> Ciudad de M\u00e9xico.- La Secretar\u00eda de Educaci\u00f3n P\u00fablica retorn\u00f3 a un solo calendario escolar en lugar de dos, -como se tuvo con la reforma educativa de 2013- y constar\u00e1 de 190 d\u00edas efectivos de clase.<br> El secretario de Educaci\u00f3n, Esteban Moctezuma detall\u00f3 que se favorecer\u00e1n los d\u00edas de asueto \u201ccon causa\u201d c\u00edvica pues a los ni\u00f1os se les dejar\u00e1n tareas relacionadas con las fechas de descanso.<br> Detall\u00f3 que en total habr\u00e1 13 consejos t\u00e9cnicos escolares que ya no se realizar\u00e1n cada viernes de fin de mes a fin de favorecer la agenda familiar.<br> El ciclo comenzar\u00e1 el 26 de agosto y concluir\u00e1 el 6 de julio.<\/p>\n","protected":false},"excerpt":{"rendered":"<p>[Redacci\u00f3n] Detall\u00f3 que en total habr\u00e1 13 consejos t\u00e9cnicos escolares que ya no se realizar\u00e1n cada viernes de fin de mes a fin de favorecer la agenda familiar Ciudad de M\u00e9xico.- La Secretar\u00eda de Educaci\u00f3n P\u00fablica retorn\u00f3 a un solo calendario escolar en lugar de dos, -como se tuvo con la reforma educativa de 2013- [&hellip;]<\/p>\n","protected":false},"author":1,"featured_media":139270,"comment_status":"open","ping_status":"open","sticky":false,"template":"","format":"standard","meta":{"footnotes":""},"categories":[9,8],"tags":[],"class_list":["post-139269","post","type-post","status-publish","format-standard","has-post-thumbnail","hentry","category-educacion","category-pais","entry","has-media"],"jetpack_featured_media_url":"http:\/\/vertienteglobal.com\/wp-content\/uploads\/2019\/05\/ciclo-escolar-SEP.jpg","_links":{"self":[{"href":"http:\/\/vertienteglobal.com\/index.php?rest_route=\/wp\/v2\/posts\/139269","targetHints":{"allow":["GET"]}}],"collection":[{"href":"http:\/\/vertienteglobal.com\/index.php?rest_route=\/wp\/v2\/posts"}],"about":[{"href":"http:\/\/vertienteglobal.com\/index.php?rest_route=\/wp\/v2\/types\/post"}],"author":[{"embeddable":true,"href":"http:\/\/vertienteglobal.com\/index.php?rest_route=\/wp\/v2\/users\/1"}],"replies":[{"embeddable":true,"href":"http:\/\/vertienteglobal.com\/index.php?rest_route=%2Fwp%2Fv2%2Fcomments&post=139269"}],"version-history":[{"count":0,"href":"http:\/\/vertienteglobal.com\/index.php?rest_route=\/wp\/v2\/posts\/139269\/revisions"}],"wp:featuredmedia":[{"embeddable":true,"href":"http:\/\/vertienteglobal.com\/index.php?rest_route=\/wp\/v2\/media\/139270"}],"wp:attachment":[{"href":"http:\/\/vertienteglobal.com\/index.php?rest_route=%2Fwp%2Fv2%2Fmedia&parent=139269"}],"wp:term":[{"taxonomy":"category","embeddable":true,"href":"http:\/\/vertienteglobal.com\/index.php?rest_route=%2Fwp%2Fv2%2Fcategories&post=139269"},{"taxonomy":"post_tag","embeddable":true,"href":"http:\/\/vertienteglobal.com\/index.php?rest_route=%2Fwp%2Fv2%2Ftags&post=139269"}],"curies":[{"name":"wp","href":"https:\/\/api.w.org\/{rel}","templated":true}]}}