{"id":139179,"date":"2019-05-22T20:42:53","date_gmt":"2019-05-23T01:42:53","guid":{"rendered":"http:\/\/vertienteglobal.com\/?p=139179"},"modified":"2019-05-23T00:53:58","modified_gmt":"2019-05-23T05:53:58","slug":"gobierno-federal-se-encargara-de-distribuir-medicamentos-a-partir-del-1-de-julio","status":"publish","type":"post","link":"http:\/\/vertienteglobal.com\/?p=139179","title":{"rendered":"Gobierno federal se encargar\u00e1 de distribuir medicamentos a partir del 1 de julio"},"content":{"rendered":"\n<div class=\"twitterbutton\" style=\"float: right; padding-left: 5px;\"><a href=\"http:\/\/twitter.com\/share\" class=\"twitter-share-button\" data-count=\"horizontal\" data-text=\"Gobierno federal se encargar\u00e1 de distribuir medicamentos a partir del 1 de juli...\" data-via=\"https:\/\/twitter.com\/VertienteGloba1\" data-url=\"http:\/\/vertienteglobal.com\/?p=139179\" data-lang=\"es\" data-related=\"Informaci\u00f3n general:S\u00edguenos para que est\u00e9ss informado\"><\/a><\/div>\n<figure class=\"wp-block-image\"><img loading=\"lazy\" decoding=\"async\" width=\"600\" height=\"342\" src=\"http:\/\/vertienteglobal.com\/wp-content\/uploads\/2019\/05\/Gobierno-federal-se-encargar\u00e1-de-distribuir-medicamentos-a-partir-del-1-de-julio.jpg\" alt=\"\" class=\"wp-image-139180\" srcset=\"http:\/\/vertienteglobal.com\/wp-content\/uploads\/2019\/05\/Gobierno-federal-se-encargar\u00e1-de-distribuir-medicamentos-a-partir-del-1-de-julio.jpg 600w, http:\/\/vertienteglobal.com\/wp-content\/uploads\/2019\/05\/Gobierno-federal-se-encargar\u00e1-de-distribuir-medicamentos-a-partir-del-1-de-julio-150x86.jpg 150w, http:\/\/vertienteglobal.com\/wp-content\/uploads\/2019\/05\/Gobierno-federal-se-encargar\u00e1-de-distribuir-medicamentos-a-partir-del-1-de-julio-300x171.jpg 300w\" sizes=\"auto, (max-width: 600px) 100vw, 600px\" \/><\/figure>\n\n\n\n<p> [Redacci\u00f3n]<br> Destac\u00f3 que en esa decena de estados \u00abno paramos esas licitaciones iniciadas porque se transgrede la ley, pero en los otros 22 estados ya estamos preparando la entrega de medicamentos\u00bb<br> Ciudad de M\u00e9xico.- El director del Instituto de Salud para el Bienestar, Juan Ferrer, inform\u00f3 que a partir del 1 de julio, 22 de las 32 entidades federativas recibir\u00e1n su abasto de medicamentos como parte del programa de compras consolidadas del gobierno federal.<br> Y es que entrevistado en Palacio Nacional luego de la reuni\u00f3n que encabez\u00f3 el presidente Andr\u00e9s Manuel L\u00f3pez Obrador con titulares del ramo, entre ellos el reci\u00e9n designado director general del IMSS, Zo\u00e9 Robledo Aburto, Ferrer Aguilar resalt\u00f3 que en 10 entidades ya se hab\u00edan iniciado los procesos de licitaci\u00f3n.<br> \u00abDe hecho, ya el 1 de julio estaremos dotando de medicamento desde el gobierno federal a las entidades federativas. Ahorita se adhirieron al programa de compra consolidada 22 estados, porque (\u2026) hab\u00eda entidades que ya hab\u00edan iniciado un proceso de licitaci\u00f3n p\u00fablica\u00bb, expuso.<br> Destac\u00f3 que en esa decena de estados \u00abno paramos esas licitaciones iniciadas porque se transgrede la ley, pero en los otros 22 estados ya estamos preparando la entrega de medicamentos\u00bb.<br> Sobre el encuentro privado, indic\u00f3 que L\u00f3pez Obrador present\u00f3 a los asistentes a \u00abnuestro amigo el doctor, no es doctor, el licenciado Zo\u00e9 Robledo. \u00c9l vio parte del informe que le rendimos hoy al Presidente y de los avances que llevamos principalmente en la creaci\u00f3n del Instituto de Salud para el Bienestar\u00bb.<br> El titular del organismo con el que el gobierno federal sustituy\u00f3 al Seguro Popular, dijo que la renuncia de Germ\u00e1n Mart\u00ednez al frente del Instituto Mexicano del Seguro Social (IMSS) no interrumpe los trabajos que el instituto a su cargo mantiene con ese organismo.<br> Adelant\u00f3 que este jueves, a las 10:00 horas, continuar\u00e1n las mesas de trabajo con el IMSS, \u00abno hay ninguna interrupci\u00f3n. El IMSS es una gran instituci\u00f3n, s\u00f3lida, y el cambio de director general no va a trastocar ninguna cosa ni que se deje de hacer algo\u00bb.<br> A pregunta expresa coment\u00f3 que el trabajo que se realiza de compras consolidadas de medicamentos, se realiza en coordinaci\u00f3n con la Secretar\u00eda de Hacienda y Cr\u00e9dito P\u00fablico (SHCP), cuyo titular, Carlos Urz\u00faa, tambi\u00e9n estuvo presente en el encuentro.<br> El director Normativo de Administraci\u00f3n y Finanzas del Instituto de Seguridad y Servicios Sociales de los Trabajadores del Estado (ISSSTE), Pedro Mario Zenteno Santaella, expuso que la relaci\u00f3n que mantuvo con Mart\u00ednez C\u00e1zares fue \u00abcordial\u00bb.<br> \u00abYo era el administrador del instituto (IMSS). Aplicamos la pol\u00edtica que est\u00e1 dise\u00f1ada en la Ley Org\u00e1nica de la Administraci\u00f3n P\u00fablica (Federal) y con los lineamientos de la oficial\u00eda de Hacienda\u00bb, destac\u00f3.<br> El exdirector de Administraci\u00f3n del IMSS rechaz\u00f3 tambi\u00e9n haber tomado alguna atribuci\u00f3n que no le correspond\u00eda: \u00abNo, sencillamente tomaba las atribuciones que me correspond\u00edan como administrador del instituto\u00bb, enfatiz\u00f3.<br> En la reuni\u00f3n tambi\u00e9n participaron los titulares de Salud, Jorge Alcocer, y del ISSSTE, Luis Antonio Ram\u00edrez Pineda, \u00e9ste \u00faltimo quien deline\u00f3 que, en el encuentro, el Ejecutivo federal reiter\u00f3 el inter\u00e9s de su gobierno para que se garantice el abasto de medicamentos, al tiempo que les present\u00f3 al nuevo titular del IMSS, Robledo Aburto.<\/p>\n","protected":false},"excerpt":{"rendered":"<p>[Redacci\u00f3n] Destac\u00f3 que en esa decena de estados \u00abno paramos esas licitaciones iniciadas porque se transgrede la ley, pero en los otros 22 estados ya estamos preparando la entrega de medicamentos\u00bb Ciudad de M\u00e9xico.- El director del Instituto de Salud para el Bienestar, Juan Ferrer, inform\u00f3 que a partir del 1 de julio, 22 de [&hellip;]<\/p>\n","protected":false},"author":1,"featured_media":139180,"comment_status":"open","ping_status":"open","sticky":false,"template":"","format":"standard","meta":{"footnotes":""},"categories":[8],"tags":[],"class_list":["post-139179","post","type-post","status-publish","format-standard","has-post-thumbnail","hentry","category-pais","entry","has-media"],"jetpack_featured_media_url":"http:\/\/vertienteglobal.com\/wp-content\/uploads\/2019\/05\/Gobierno-federal-se-encargar\u00e1-de-distribuir-medicamentos-a-partir-del-1-de-julio.jpg","_links":{"self":[{"href":"http:\/\/vertienteglobal.com\/index.php?rest_route=\/wp\/v2\/posts\/139179","targetHints":{"allow":["GET"]}}],"collection":[{"href":"http:\/\/vertienteglobal.com\/index.php?rest_route=\/wp\/v2\/posts"}],"about":[{"href":"http:\/\/vertienteglobal.com\/index.php?rest_route=\/wp\/v2\/types\/post"}],"author":[{"embeddable":true,"href":"http:\/\/vertienteglobal.com\/index.php?rest_route=\/wp\/v2\/users\/1"}],"replies":[{"embeddable":true,"href":"http:\/\/vertienteglobal.com\/index.php?rest_route=%2Fwp%2Fv2%2Fcomments&post=139179"}],"version-history":[{"count":0,"href":"http:\/\/vertienteglobal.com\/index.php?rest_route=\/wp\/v2\/posts\/139179\/revisions"}],"wp:featuredmedia":[{"embeddable":true,"href":"http:\/\/vertienteglobal.com\/index.php?rest_route=\/wp\/v2\/media\/139180"}],"wp:attachment":[{"href":"http:\/\/vertienteglobal.com\/index.php?rest_route=%2Fwp%2Fv2%2Fmedia&parent=139179"}],"wp:term":[{"taxonomy":"category","embeddable":true,"href":"http:\/\/vertienteglobal.com\/index.php?rest_route=%2Fwp%2Fv2%2Fcategories&post=139179"},{"taxonomy":"post_tag","embeddable":true,"href":"http:\/\/vertienteglobal.com\/index.php?rest_route=%2Fwp%2Fv2%2Ftags&post=139179"}],"curies":[{"name":"wp","href":"https:\/\/api.w.org\/{rel}","templated":true}]}}