{"id":139071,"date":"2019-05-20T00:26:59","date_gmt":"2019-05-20T05:26:59","guid":{"rendered":"http:\/\/vertienteglobal.com\/?p=139071"},"modified":"2019-05-21T23:48:09","modified_gmt":"2019-05-22T04:48:09","slug":"entra-en-vigor-nuevo-sistema-de-medicion-de-kilogramo-experto","status":"publish","type":"post","link":"http:\/\/vertienteglobal.com\/?p=139071","title":{"rendered":"Entra en vigor nuevo sistema de medici\u00f3n de kilogramo: Experto"},"content":{"rendered":"\n<div class=\"twitterbutton\" style=\"float: right; padding-left: 5px;\"><a href=\"http:\/\/twitter.com\/share\" class=\"twitter-share-button\" data-count=\"horizontal\" data-text=\"Entra en vigor nuevo sistema de medici\u00f3n de kilogramo: Experto\" data-via=\"https:\/\/twitter.com\/VertienteGloba1\" data-url=\"http:\/\/vertienteglobal.com\/?p=139071\" data-lang=\"es\" data-related=\"Informaci\u00f3n general:S\u00edguenos para que est\u00e9ss informado\"><\/a><\/div>\n<figure class=\"wp-block-image\"><img loading=\"lazy\" decoding=\"async\" width=\"600\" height=\"369\" src=\"http:\/\/vertienteglobal.com\/wp-content\/uploads\/2019\/05\/Entra-en-vigor-nuevo-sistema-de-medici\u00f3n-de-kilogramo.jpg\" alt=\"\" class=\"wp-image-139072\" srcset=\"http:\/\/vertienteglobal.com\/wp-content\/uploads\/2019\/05\/Entra-en-vigor-nuevo-sistema-de-medici\u00f3n-de-kilogramo.jpg 600w, http:\/\/vertienteglobal.com\/wp-content\/uploads\/2019\/05\/Entra-en-vigor-nuevo-sistema-de-medici\u00f3n-de-kilogramo-150x92.jpg 150w, http:\/\/vertienteglobal.com\/wp-content\/uploads\/2019\/05\/Entra-en-vigor-nuevo-sistema-de-medici\u00f3n-de-kilogramo-300x185.jpg 300w\" sizes=\"auto, (max-width: 600px) 100vw, 600px\" \/><\/figure>\n\n\n\n<p> [Redacci\u00f3n]<br> Desde hoy, el kilogramo ser\u00e1 medido desde una variable matem\u00e1tica tomada de la f\u00edsica cu\u00e1ntica, para mayor precisi\u00f3n y uniformidad, llamada \u00abconstante de Planck\u00bb, que se medir\u00e1 mediante una balanza de potencia, de acuerdo con el Bur\u00f3 Internacional de Pesos y Medidas (BIPM)<br> Ciudad de M\u00e9xico.- A partir de este lunes, el kilogramo se calcular\u00e1 de una manera diferente a como se ha hecho durante 130 a\u00f1os, luego de las modificaciones al Sistema Internacional de Unidades, aprobadas en noviembre del a\u00f1o pasado.<br> Y es que el cambio no tendr\u00e1 efectos en c\u00f3mo la gente emplea la medida en la vida cotidiana, pues se trata de una modificaci\u00f3n relevante para la ciencia, industria y sistemas de telecomunicaci\u00f3n, se\u00f1al\u00f3 el investigador de la Universidad Nacional Aut\u00f3noma de M\u00e9xico (UNAM), doctor Jos\u00e9 Franco.<br> \u00abEsto es relevante para los sistemas que ya estamos usando, como el GPS u otros que requieren de mediciones cient\u00edficas precisas para evitar cualquier error\u00bb, se\u00f1al\u00f3 el doctor en F\u00edsica en entrevista con Notimex.<br> Desde hoy, el kilogramo ser\u00e1 medido desde una variable matem\u00e1tica tomada de la f\u00edsica cu\u00e1ntica, para mayor precisi\u00f3n y uniformidad, llamada \u00abconstante de Planck\u00bb, que se medir\u00e1 mediante una balanza de potencia, de acuerdo con el Bur\u00f3 Internacional de Pesos y Medidas (BIPM).<br> \u00abSe usar\u00e1 una contante de la naturaleza, (la constante de Plank) una cantidad que te aparece en mec\u00e1nica cu\u00e1ntica, constante de la naturaleza. Tienen unidades de metro, kilogramo y segundo\u00bb, dijo.<br> Para calcular el nuevo peso del kilogramo se utilizar\u00e1 una balanza de Kibble que toma como punto de medici\u00f3n la fuerza electromagn\u00e9tica con una precisi\u00f3n del 0.000001 por ciento.<br> La constante descubierta en 1900 por el f\u00edsico alem\u00e1n, Max Planck, la cual se define como el producto de una energ\u00eda por un tiempo, sustituir\u00e1 al referente mundial de un kilogramo, un cilindro met\u00e1lico de una aleaci\u00f3n de 90 por ciento de platino y 10 por ciento iridio conocida como \u00abGran K\u00bb, resguardada en la Oficina Internacional de Pesas y Medidas.<br> El cambio se decidi\u00f3 efectuarlo porque con los a\u00f1os el cilindro perdi\u00f3, por diversos factores, al menos 50 microgramos, ante ello se concluy\u00f3 sustituirlo por el nuevo valor, m\u00e1s exacto y que no var\u00eda con el paso del tiempo.<br> \u00abEste cilindro se mantiene en condiciones particulares para evitar que se evapore o que se le adhieran cosas. En varias de las mediciones se han encontrado diferencias, estas ya son considerables\u00bb, asegur\u00f3 el astrof\u00edsico.<br> \u00abLas variaciones encontradas son peque\u00f1as, para efectos pr\u00e1cticos de la vida cotidiana uno no requiere esta precisi\u00f3n, pero en el trabajo cient\u00edfico, industrial, y telecomunicaciones, son relevantes\u00bb, resalt\u00f3.<br> El metro y el segundo, record\u00f3 el doctor Jos\u00e9 Franco, son otras de las unidades de medici\u00f3n a las cuales han cambiado su definici\u00f3n, pues estas, al igual que el kilogramo, ya no dependen de cu\u00e1nto var\u00ede un objeto f\u00edsico.<br> \u00abEn 1983 se cambia la definici\u00f3n del metro, este originalmente era una diezmillon\u00e9sima parte del meridiano terrestre. Ahora se usa la velocidad de la luz para la definici\u00f3n del metro, pero el metro sigue siendo un metro\u00bb, subray\u00f3.<br> De acuerdo con el f\u00edsico Franco, estas modificaciones son ben\u00e9ficas, pues el metro patr\u00f3n, segundo patr\u00f3n y kilo patr\u00f3n quedan definidas de una manera que no dependen de ning\u00fan objeto f\u00edsico, \u00abahora son medidas por constantes de la naturaleza, velocidad de la luz, vibraciones de un \u00e1tomo y la constante de Plank\u00bb.<\/p>\n","protected":false},"excerpt":{"rendered":"<p>[Redacci\u00f3n] Desde hoy, el kilogramo ser\u00e1 medido desde una variable matem\u00e1tica tomada de la f\u00edsica cu\u00e1ntica, para mayor precisi\u00f3n y uniformidad, llamada \u00abconstante de Planck\u00bb, que se medir\u00e1 mediante una balanza de potencia, de acuerdo con el Bur\u00f3 Internacional de Pesos y Medidas (BIPM) Ciudad de M\u00e9xico.- A partir de este lunes, el kilogramo se [&hellip;]<\/p>\n","protected":false},"author":1,"featured_media":139072,"comment_status":"open","ping_status":"open","sticky":false,"template":"","format":"standard","meta":{"footnotes":""},"categories":[8],"tags":[],"class_list":["post-139071","post","type-post","status-publish","format-standard","has-post-thumbnail","hentry","category-pais","entry","has-media"],"jetpack_featured_media_url":"http:\/\/vertienteglobal.com\/wp-content\/uploads\/2019\/05\/Entra-en-vigor-nuevo-sistema-de-medici\u00f3n-de-kilogramo.jpg","_links":{"self":[{"href":"http:\/\/vertienteglobal.com\/index.php?rest_route=\/wp\/v2\/posts\/139071","targetHints":{"allow":["GET"]}}],"collection":[{"href":"http:\/\/vertienteglobal.com\/index.php?rest_route=\/wp\/v2\/posts"}],"about":[{"href":"http:\/\/vertienteglobal.com\/index.php?rest_route=\/wp\/v2\/types\/post"}],"author":[{"embeddable":true,"href":"http:\/\/vertienteglobal.com\/index.php?rest_route=\/wp\/v2\/users\/1"}],"replies":[{"embeddable":true,"href":"http:\/\/vertienteglobal.com\/index.php?rest_route=%2Fwp%2Fv2%2Fcomments&post=139071"}],"version-history":[{"count":0,"href":"http:\/\/vertienteglobal.com\/index.php?rest_route=\/wp\/v2\/posts\/139071\/revisions"}],"wp:featuredmedia":[{"embeddable":true,"href":"http:\/\/vertienteglobal.com\/index.php?rest_route=\/wp\/v2\/media\/139072"}],"wp:attachment":[{"href":"http:\/\/vertienteglobal.com\/index.php?rest_route=%2Fwp%2Fv2%2Fmedia&parent=139071"}],"wp:term":[{"taxonomy":"category","embeddable":true,"href":"http:\/\/vertienteglobal.com\/index.php?rest_route=%2Fwp%2Fv2%2Fcategories&post=139071"},{"taxonomy":"post_tag","embeddable":true,"href":"http:\/\/vertienteglobal.com\/index.php?rest_route=%2Fwp%2Fv2%2Ftags&post=139071"}],"curies":[{"name":"wp","href":"https:\/\/api.w.org\/{rel}","templated":true}]}}